{"id":5640,"date":"2016-07-25T08:44:45","date_gmt":"2016-07-25T08:44:45","guid":{"rendered":"http:\/\/www.svzweckel.de\/?p=5640"},"modified":"2016-07-25T08:47:54","modified_gmt":"2016-07-25T08:47:54","slug":"sg-preussen-gladbeck-iii-ist-neuer-stadtmeister-aufmplatz","status":"publish","type":"post","link":"https:\/\/www.svzweckel.de\/?p=5640","title":{"rendered":"SG Preu\u00dfen Gladbeck III ist neuer Stadtmeister (aufmplatz)"},"content":{"rendered":"<p>Der neue Gladbecker Feldstadtmeister der Reservemannschaften hei\u00dft SG Preu\u00dfen Gladbeck. Im vereinsinternen Duell gegen die eigene zweite Mannschaft setzte sich die Drittvertretung mit 2:0 im Endspiel durch.<\/p>\n<p>Im ersten Viertelfinalspiel konnte sich der sp\u00e4tere Titeltr\u00e4ger gegen den C-Ligisten Wacker Gladbeck knapp mit 1:0 durchsetzen. Ins Halbfinale folgte die dritte Mannschaft von Adler Ellinghorst, die gegen SuS SB Gladbeck III mit 2:0 gewinnen konnte. Im dritten Viertelfinalspiel setzte sich der BV Rentfort III gegen den A-Ligisten SV Zweckel II mit 1:0 durch. Komplettiert wurden die Halbfinalteilnehmer von SG Preu\u00dfen Gladbeck II, das den BV Rentfort II mit einem 2:0 ausschaltete.<\/p>\n<p>Das erste Halbfinale wurde am Ende deutlich. Preu\u00dfen Gladbeck III wies den BV Rentfort III mit einem satten 3:0 in die Schranken. Ebenfalls f\u00fcr das Halbfinale qualifizieren konnte sich die Zweitvertretung der Preu\u00dfen, die gegen den C-Ligisten Adler Ellinghorst II mit 2:1 siegreich waren.<\/p>\n<p>Im Finale kam es schlie\u00dflich zum vereinsinternen Duell der Preu\u00dfen-Teams. In einem spannenden Endspiel sollte sich schlie\u00dflich die Drittvertretung gegen die klassenh\u00f6here zweite Mannschaft durchsetzen k\u00f6nnen &#8211; 2:0 hie\u00df es am Ende.<\/p>\n<p>Ehrungen<\/p>\n<p>Die Fachschaft Fu\u00dfball aus Gladbeck k\u00fcrte zudem verdiente Spieler der Reserve-FSM:<\/p>\n<ul>\n<li>Bester Torh\u00fcter: Christof Bielic<\/li>\n<li>Torsch\u00fctzenk\u00f6nig: Radone El Aidi<\/li>\n<li>Bester Spieler: Christopher Sigura<\/li>\n<\/ul>\n<p>Spielplan Reserveteams &#8211; Endrunde<\/p>\n<p>1. Viertelfinale:<br \/>\nSG Preu\u00dfen Gladbeck III\u00a0&#8211;\u00a0Wacker Gladbeck II\u00a01:0<\/p>\n<p>2. Viertelfinale:<br \/>\nAdler Ellinghorst III\u00a0&#8211;\u00a0SuS SB Gladbeck III\u00a02:0<\/p>\n<p>3. Viertelfinale:<br \/>\nBV Rentfort III\u00a0&#8211;\u00a0SV Zweckel II\u00a01:0<\/p>\n<p>4. Viertelfinale:<br \/>\nBV Rentfort II\u00a0&#8211;\u00a0SG Preu\u00dfen Gladbeck II\u00a00:2<\/p>\n<p>1. Halbfinale:<br \/>\nSG Preu\u00dfen Gladbeck III &#8211; BV Rentfort III 3:0<\/p>\n<p>2. Halbfinale:<br \/>\nAdler Ellinghorst III &#8211; SG Preu\u00dfen Gladbeck II 1:2<\/p>\n<p>Finale:<br \/>\nSG Preu\u00dfen Gladbeck III &#8211; SG Preu\u00dfen Gladbeck II 2:0<\/p>\n","protected":false},"excerpt":{"rendered":"<p>Der neue Gladbecker Feldstadtmeister der Reservemannschaften hei\u00dft SG Preu\u00dfen Gladbeck. Im vereinsinternen Duell gegen die eigene zweite Mannschaft setzte sich die Drittvertretung mit 2:0 im Endspiel durch. Im ersten Viertelfinalspiel konnte sich der sp\u00e4tere Titeltr\u00e4ger gegen den C-Ligisten Wacker Gladbeck knapp mit 1:0 durchsetzen. Ins Halbfinale folgte die dritte Mannschaft von Adler Ellinghorst, die gegen [&hellip;]<\/p>\n","protected":false},"author":3,"featured_media":5642,"comment_status":"open","ping_status":"open","sticky":false,"template":"","format":"standard","meta":{"_jetpack_memberships_contains_paid_content":false,"footnotes":"","jetpack_publicize_message":"","jetpack_publicize_feature_enabled":true,"jetpack_social_post_already_shared":false,"jetpack_social_options":{"image_generator_settings":{"template":"highway","default_image_id":0,"font":"","enabled":false},"version":2}},"categories":[20],"tags":[],"class_list":["post-5640","post","type-post","status-publish","format-standard","has-post-thumbnail","hentry","category-2-mannschaft"],"jetpack_publicize_connections":[],"jetpack_featured_media_url":"https:\/\/i0.wp.com\/www.svzweckel.de\/wp-content\/uploads\/2016\/07\/Reserve.jpg?fit=1024%2C576&ssl=1","jetpack_sharing_enabled":true,"_links":{"self":[{"href":"https:\/\/www.svzweckel.de\/index.php?rest_route=\/wp\/v2\/posts\/5640","targetHints":{"allow":["GET"]}}],"collection":[{"href":"https:\/\/www.svzweckel.de\/index.php?rest_route=\/wp\/v2\/posts"}],"about":[{"href":"https:\/\/www.svzweckel.de\/index.php?rest_route=\/wp\/v2\/types\/post"}],"author":[{"embeddable":true,"href":"https:\/\/www.svzweckel.de\/index.php?rest_route=\/wp\/v2\/users\/3"}],"replies":[{"embeddable":true,"href":"https:\/\/www.svzweckel.de\/index.php?rest_route=%2Fwp%2Fv2%2Fcomments&post=5640"}],"version-history":[{"count":0,"href":"https:\/\/www.svzweckel.de\/index.php?rest_route=\/wp\/v2\/posts\/5640\/revisions"}],"wp:featuredmedia":[{"embeddable":true,"href":"https:\/\/www.svzweckel.de\/index.php?rest_route=\/wp\/v2\/media\/5642"}],"wp:attachment":[{"href":"https:\/\/www.svzweckel.de\/index.php?rest_route=%2Fwp%2Fv2%2Fmedia&parent=5640"}],"wp:term":[{"taxonomy":"category","embeddable":true,"href":"https:\/\/www.svzweckel.de\/index.php?rest_route=%2Fwp%2Fv2%2Fcategories&post=5640"},{"taxonomy":"post_tag","embeddable":true,"href":"https:\/\/www.svzweckel.de\/index.php?rest_route=%2Fwp%2Fv2%2Ftags&post=5640"}],"curies":[{"name":"wp","href":"https:\/\/api.w.org\/{rel}","templated":true}]}}