{"id":5682,"date":"2016-08-13T10:25:35","date_gmt":"2016-08-13T10:25:35","guid":{"rendered":"http:\/\/www.svzweckel.de\/?p=5682"},"modified":"2016-08-14T12:50:46","modified_gmt":"2016-08-14T12:50:46","slug":"saisoneroeffnung-der-jugend","status":"publish","type":"post","link":"https:\/\/www.svzweckel.de\/?p=5682","title":{"rendered":"Saisoner\u00f6ffnung der Jugend"},"content":{"rendered":"<p>Am n\u00e4chsten Samstag (20.08.2016) startet die Jugend des SV Zweckel in die neue Saison.<\/p>\n<p>Den aktuell 18 Jugendmannschaften und den Fu\u00dfballzwergen mit Familien und Freunden erwartet<br \/>\nauf der Platzanlage an der Dorstener Stra\u00dfe ein buntes Rahmenprogramm.<\/p>\n<p>In der Zeit von 14.00 &#8211; 18.00 Uhr stehen eine H\u00fcpfburg, Tombola, Torwand schie\u00dfen, Dribbelparcours und jeder Menge Spa\u00df rund um den Fu\u00dfball auf dem Plan.<\/p>\n<p>Durch das tolle Team des Vereinsheims wird auch f\u00fcr das liebliche Wohl gesorgt sein.<\/p>\n<p>Der SV Zweckel freut sich auf einen super Start in die Saison 2016\/2017.<\/p>\n","protected":false},"excerpt":{"rendered":"<p>Am n\u00e4chsten Samstag (20.08.2016) startet die Jugend des SV Zweckel in die neue Saison. Den aktuell 18 Jugendmannschaften und den Fu\u00dfballzwergen mit Familien und Freunden erwartet auf der Platzanlage an der Dorstener Stra\u00dfe ein buntes Rahmenprogramm. In der Zeit von 14.00 &#8211; 18.00 Uhr stehen eine H\u00fcpfburg, Tombola, Torwand schie\u00dfen, Dribbelparcours und jeder Menge Spa\u00df [&hellip;]<\/p>\n","protected":false},"author":3,"featured_media":5109,"comment_status":"open","ping_status":"open","sticky":false,"template":"","format":"standard","meta":{"_jetpack_memberships_contains_paid_content":false,"footnotes":"","jetpack_publicize_message":"","jetpack_publicize_feature_enabled":true,"jetpack_social_post_already_shared":false,"jetpack_social_options":{"image_generator_settings":{"template":"highway","default_image_id":0,"font":"","enabled":false},"version":2}},"categories":[10],"tags":[],"class_list":["post-5682","post","type-post","status-publish","format-standard","has-post-thumbnail","hentry","category-nachwuchs"],"jetpack_publicize_connections":[],"jetpack_featured_media_url":"https:\/\/i0.wp.com\/www.svzweckel.de\/wp-content\/uploads\/2016\/05\/11.jpg?fit=1024%2C552&ssl=1","jetpack_sharing_enabled":true,"_links":{"self":[{"href":"https:\/\/www.svzweckel.de\/index.php?rest_route=\/wp\/v2\/posts\/5682","targetHints":{"allow":["GET"]}}],"collection":[{"href":"https:\/\/www.svzweckel.de\/index.php?rest_route=\/wp\/v2\/posts"}],"about":[{"href":"https:\/\/www.svzweckel.de\/index.php?rest_route=\/wp\/v2\/types\/post"}],"author":[{"embeddable":true,"href":"https:\/\/www.svzweckel.de\/index.php?rest_route=\/wp\/v2\/users\/3"}],"replies":[{"embeddable":true,"href":"https:\/\/www.svzweckel.de\/index.php?rest_route=%2Fwp%2Fv2%2Fcomments&post=5682"}],"version-history":[{"count":0,"href":"https:\/\/www.svzweckel.de\/index.php?rest_route=\/wp\/v2\/posts\/5682\/revisions"}],"wp:featuredmedia":[{"embeddable":true,"href":"https:\/\/www.svzweckel.de\/index.php?rest_route=\/wp\/v2\/media\/5109"}],"wp:attachment":[{"href":"https:\/\/www.svzweckel.de\/index.php?rest_route=%2Fwp%2Fv2%2Fmedia&parent=5682"}],"wp:term":[{"taxonomy":"category","embeddable":true,"href":"https:\/\/www.svzweckel.de\/index.php?rest_route=%2Fwp%2Fv2%2Fcategories&post=5682"},{"taxonomy":"post_tag","embeddable":true,"href":"https:\/\/www.svzweckel.de\/index.php?rest_route=%2Fwp%2Fv2%2Ftags&post=5682"}],"curies":[{"name":"wp","href":"https:\/\/api.w.org\/{rel}","templated":true}]}}