{"id":5692,"date":"2016-08-14T11:35:12","date_gmt":"2016-08-14T11:35:12","guid":{"rendered":"http:\/\/www.svzweckel.de\/?p=5692"},"modified":"2016-08-14T11:35:12","modified_gmt":"2016-08-14T11:35:12","slug":"briese-ist-heiss-auf-die-saison-waz-vom-13-08-2016","status":"publish","type":"post","link":"https:\/\/www.svzweckel.de\/?p=5692","title":{"rendered":"Briese ist hei\u00df auf die Saison (WAZ vom 13.08.2016)"},"content":{"rendered":"<div>Sonntag, 14.08.16, 15:00 Uhr: Eintracht Erle \u2013 SV Zweckel II.<\/div>\n<div><\/div>\n<div>\u201eEs wird Zeit, dass es losgeht. Wir sind hei\u00df auf die Saison.\u201c Das sagt Gordon Briese, der neue \u00dcbungsleiter des SV Zweckel II. Erst kurz vor Beginn der Vorbereitung hatte er den Trainerposten von Mike Theis \u00fcbernommen, der sich wieder auf die Jugendarbeit des SVZ konzentrieren wird.<br \/>\nAlle Mann an BordDer Partie bei Eintracht Erle schaut Gordon Briese jedoch mit ein paar Sorgenfalten im Gesicht entgegen: \u201eUnsere Abwehr bereitet mir aktuell arge Probleme. Im Training haben wir darauf jetzt noch einmal einen extra Schwerpunkt gesetzt. Erst im Testspiel gegen Horst 59 haben wir viel zu viele Chancen zugelassen.\u201c Die gro\u00dfe St\u00e4rke des Teams sei die Offensive. Mit schnellen, konterstarken Spielern k\u00f6nne man jede Mannschaft \u00fcberrumpeln: \u201eVorne sind wir immer f\u00fcr ein Tor gut. Wir werden es also erst einmal aus einer gesicherten Defensive heraus versuchen\u201c, so Briese.Den Gegner kennt der neue Zweckeler Trainer noch nicht allzu gut. Aber eines wei\u00df er: \u201eErler Mannschaften sind immer kampfstark und verf\u00fcgen \u00fcber einen gro\u00dfen Teamgeist. Au\u00dferdem stehen sie oft sehr kompakt.\u201c F\u00fcr die Ausw\u00e4rtsaufgabe hat Briese alle Mann an Bord. Dazu werden wohl zwei Akteure aus dem Westfalenliga-Kader des SVZ sto\u00dfen. Ansto\u00df: So, 15 Uhr, Oststra\u00dfe.<\/div>\n","protected":false},"excerpt":{"rendered":"<p>Sonntag, 14.08.16, 15:00 Uhr: Eintracht Erle \u2013 SV Zweckel II. \u201eEs wird Zeit, dass es losgeht. Wir sind hei\u00df auf die Saison.\u201c Das sagt Gordon Briese, der neue \u00dcbungsleiter des SV Zweckel II. Erst kurz vor Beginn der Vorbereitung hatte er den Trainerposten von Mike Theis \u00fcbernommen, der sich wieder auf die Jugendarbeit des SVZ [&hellip;]<\/p>\n","protected":false},"author":3,"featured_media":4118,"comment_status":"open","ping_status":"open","sticky":false,"template":"","format":"standard","meta":{"_jetpack_memberships_contains_paid_content":false,"footnotes":"","jetpack_publicize_message":"","jetpack_publicize_feature_enabled":true,"jetpack_social_post_already_shared":false,"jetpack_social_options":{"image_generator_settings":{"template":"highway","default_image_id":0,"font":"","enabled":false},"version":2}},"categories":[20],"tags":[],"class_list":["post-5692","post","type-post","status-publish","format-standard","has-post-thumbnail","hentry","category-2-mannschaft"],"jetpack_publicize_connections":[],"jetpack_featured_media_url":"https:\/\/i0.wp.com\/www.svzweckel.de\/wp-content\/uploads\/2015\/12\/20150920_164211.jpg?fit=1024%2C576&ssl=1","jetpack_sharing_enabled":true,"_links":{"self":[{"href":"https:\/\/www.svzweckel.de\/index.php?rest_route=\/wp\/v2\/posts\/5692","targetHints":{"allow":["GET"]}}],"collection":[{"href":"https:\/\/www.svzweckel.de\/index.php?rest_route=\/wp\/v2\/posts"}],"about":[{"href":"https:\/\/www.svzweckel.de\/index.php?rest_route=\/wp\/v2\/types\/post"}],"author":[{"embeddable":true,"href":"https:\/\/www.svzweckel.de\/index.php?rest_route=\/wp\/v2\/users\/3"}],"replies":[{"embeddable":true,"href":"https:\/\/www.svzweckel.de\/index.php?rest_route=%2Fwp%2Fv2%2Fcomments&post=5692"}],"version-history":[{"count":0,"href":"https:\/\/www.svzweckel.de\/index.php?rest_route=\/wp\/v2\/posts\/5692\/revisions"}],"wp:featuredmedia":[{"embeddable":true,"href":"https:\/\/www.svzweckel.de\/index.php?rest_route=\/wp\/v2\/media\/4118"}],"wp:attachment":[{"href":"https:\/\/www.svzweckel.de\/index.php?rest_route=%2Fwp%2Fv2%2Fmedia&parent=5692"}],"wp:term":[{"taxonomy":"category","embeddable":true,"href":"https:\/\/www.svzweckel.de\/index.php?rest_route=%2Fwp%2Fv2%2Fcategories&post=5692"},{"taxonomy":"post_tag","embeddable":true,"href":"https:\/\/www.svzweckel.de\/index.php?rest_route=%2Fwp%2Fv2%2Ftags&post=5692"}],"curies":[{"name":"wp","href":"https:\/\/api.w.org\/{rel}","templated":true}]}}