{"id":6015,"date":"2016-09-02T20:59:32","date_gmt":"2016-09-02T20:59:32","guid":{"rendered":"http:\/\/www.svzweckel.de\/?p=6015"},"modified":"2016-09-02T21:12:22","modified_gmt":"2016-09-02T21:12:22","slug":"die-reserve-spielt-letztmalig-sonntags-zu-hause","status":"publish","type":"post","link":"https:\/\/www.svzweckel.de\/?p=6015","title":{"rendered":"Die Reserve letztmalig sonntags zu Hause?"},"content":{"rendered":"<p><strong>Sonntag, 04.09.16, 13:15 Uhr: SV Zweckel II &#8211; Firtinaspor Gelsenkirchen II<\/strong><\/p>\n<p>Am kommenden Sonntag hat der SV Zweckel letztmalig die Aufgabe zu bew\u00e4ltigen, die Zweite um 13:15 Uhr im K\u00e4fig antreten zu lassen und um 15:00 Uhr bereits mit der Ersten im Stadion anzutreten.<\/p>\n<p>Der Kreisfu\u00dfballausschuss unter Vorsitz von Gerd Eschenr\u00f6der hatte freundlicherweise zuk\u00fcnftigen Spielverlegungen zugestimmt, so dass die Reserve bei den kommenden Heimspielen bereits samstags um 17:00 Uhr an der Dorstener Stra\u00dfe antreten kann. Der Staffelleiter der Kreisliga A 1, Christof Krieger, hat in einem Schreiben alle Vereine informiert, aber auch darauf hingewiesen, dass sich die Gastvereine mit dem SV Zweckel absprechen k\u00f6nnen, um einen anderen Spieltermin zu finden.<\/p>\n<p>Die Reserve wartet auch noch auf den ersten Sieg und befindet sich mit dem ebenfalls punktlosen VfL Grafenwal am Tabellenende wieder.\u00a0 Positiv ist hervorzuheben, dass alle drei Spiele nur mit einem Tor Unterschied verlofen wurden. Doch am Sonntag soll es erstmals zu einem Sieg f\u00fcr den SV Zweckel reichen.<\/p>\n","protected":false},"excerpt":{"rendered":"<p>Sonntag, 04.09.16, 13:15 Uhr: SV Zweckel II &#8211; Firtinaspor Gelsenkirchen II Am kommenden Sonntag hat der SV Zweckel letztmalig die Aufgabe zu bew\u00e4ltigen, die Zweite um 13:15 Uhr im K\u00e4fig antreten zu lassen und um 15:00 Uhr bereits mit der Ersten im Stadion anzutreten. Der Kreisfu\u00dfballausschuss unter Vorsitz von Gerd Eschenr\u00f6der hatte freundlicherweise zuk\u00fcnftigen Spielverlegungen [&hellip;]<\/p>\n","protected":false},"author":3,"featured_media":6017,"comment_status":"open","ping_status":"open","sticky":false,"template":"","format":"standard","meta":{"_jetpack_memberships_contains_paid_content":false,"footnotes":"","jetpack_publicize_message":"","jetpack_publicize_feature_enabled":true,"jetpack_social_post_already_shared":false,"jetpack_social_options":{"image_generator_settings":{"template":"highway","default_image_id":0,"font":"","enabled":false},"version":2}},"categories":[20],"tags":[],"class_list":["post-6015","post","type-post","status-publish","format-standard","has-post-thumbnail","hentry","category-2-mannschaft"],"jetpack_publicize_connections":[],"jetpack_featured_media_url":"https:\/\/i0.wp.com\/www.svzweckel.de\/wp-content\/uploads\/2016\/09\/2016-08-30-19.02.26.jpg?fit=1024%2C768&ssl=1","jetpack_sharing_enabled":true,"_links":{"self":[{"href":"https:\/\/www.svzweckel.de\/index.php?rest_route=\/wp\/v2\/posts\/6015","targetHints":{"allow":["GET"]}}],"collection":[{"href":"https:\/\/www.svzweckel.de\/index.php?rest_route=\/wp\/v2\/posts"}],"about":[{"href":"https:\/\/www.svzweckel.de\/index.php?rest_route=\/wp\/v2\/types\/post"}],"author":[{"embeddable":true,"href":"https:\/\/www.svzweckel.de\/index.php?rest_route=\/wp\/v2\/users\/3"}],"replies":[{"embeddable":true,"href":"https:\/\/www.svzweckel.de\/index.php?rest_route=%2Fwp%2Fv2%2Fcomments&post=6015"}],"version-history":[{"count":0,"href":"https:\/\/www.svzweckel.de\/index.php?rest_route=\/wp\/v2\/posts\/6015\/revisions"}],"wp:featuredmedia":[{"embeddable":true,"href":"https:\/\/www.svzweckel.de\/index.php?rest_route=\/wp\/v2\/media\/6017"}],"wp:attachment":[{"href":"https:\/\/www.svzweckel.de\/index.php?rest_route=%2Fwp%2Fv2%2Fmedia&parent=6015"}],"wp:term":[{"taxonomy":"category","embeddable":true,"href":"https:\/\/www.svzweckel.de\/index.php?rest_route=%2Fwp%2Fv2%2Fcategories&post=6015"},{"taxonomy":"post_tag","embeddable":true,"href":"https:\/\/www.svzweckel.de\/index.php?rest_route=%2Fwp%2Fv2%2Ftags&post=6015"}],"curies":[{"name":"wp","href":"https:\/\/api.w.org\/{rel}","templated":true}]}}