{"id":6160,"date":"2016-09-11T18:47:24","date_gmt":"2016-09-11T18:47:24","guid":{"rendered":"http:\/\/www.svzweckel.de\/?p=6160"},"modified":"2016-09-11T18:47:47","modified_gmt":"2016-09-11T18:47:47","slug":"sg-preussen-gladbeck-demontiert-sv-zweckel-ii-waz-vom-11-09-2016","status":"publish","type":"post","link":"https:\/\/www.svzweckel.de\/?p=6160","title":{"rendered":"SG Preu\u00dfen Gladbeck demontiert SV Zweckel II (WAZ vom 11.09.2016)"},"content":{"rendered":"<p class=\"abstract \">SG Preu\u00dfen Gladbeck feierte in der Kreisliga A1 einen 7:2-Kantersieg \u00fcber die zweite Mannschaft des SV Zweckel.<\/p>\n<div class=\"content\">\n<p>Dass es in Derbys zwischen Preu\u00dfen Gladbeck und dem SV Zweckel II oft hei\u00df hergeht, ist bekannt. Am gestrigen Sonntag lieferten sich beide Teams einen Schlagabtausch, der mehr einer Achterbahnfahrt glich als einem Fu\u00dfballspiel. Am Ende siegten die Schwarz-Gelben mit 7:2 (1:1).<\/p>\n<p class=\"paarung\">SG Preu\u00dfen Gladbeck &#8211; SV Zweckel II <span class=\"ergebnis\">7:2 (1:1)<\/span><\/p>\n<p class=\"statistik\"><strong>Preu\u00dfen Gladbeck<\/strong>: D\u00f6rnemann, Fakhro, Perzewski, K\u00f6rber (46. Cebula), Hauska, Wagner, R\u00fchr, Saado, Rudolf, Schichtholz (80. Wittig), Leinen (72. Burghardt).<\/p>\n<p class=\"statistik\"><strong>SV Zweckel II<\/strong>: Scheuplein, M\u00fchlpfordt, van der Velden, Dana, Yaman, Ossman, Schwanke, Schluck, Capek (25. Urbschat, 61. Crevatin), Rach (69. Semmou), Vizor.<\/p>\n<p class=\"statistik\"><strong>Tore:<\/strong> 0:1 Ossman (11.), 1:1 Wagner (17.), 2:1 Hauska (50.), 3:1 Rudolf (55.), 4:1 Wagner (75.), 5:1\/6:1 Burghardt (85.\/88.), 6:2 Schwanke (89.), 7:2 Cebula (90.).<\/p>\n<p class=\"zwischenzeile\"><strong>Ossman bringt den SVZ in F\u00fchrung<\/strong><\/p>\n<p>Danach sah es zun\u00e4chst nicht aus. Die G\u00e4ste brannten zu Beginn der Partie ein Feuerwerk ab. Nach einer Reihe hochkar\u00e4tiger Chancen belohnte Hassan Ossman die Zweckeler Zweitvertretung endlich: Der Schuss von Okan Yaman landete noch am Pfosten, doch Ossman versenkte den Abpraller erfolgreich (11.). Die Preu\u00dfen hatten sichtbar Anlaufschwierigkeiten und fanden eher gl\u00fccklich zur\u00fcck in die Partie. Es war Daniel \u201ePfiffi\u201c Wagner, der nach tollem Solo und Querpass von Ahmed Fakhro per Flachschuss zum 1:1 vollendete (17.).<\/p>\n<p>Yaman hatte in der ersten H\u00e4lfte die Chance, sein Team erneut in F\u00fchrung zu bringen, doch sein Kopfball aus f\u00fcnf Metern landete neben dem Tor (31.). Bis zur Halbzeit passierte danach in einem packenden Spiel nichts mehr.<\/p>\n<p>Die zweite H\u00e4lfte dauerte kaum f\u00fcnf Minuten, da nahm das Spektakel seinen Lauf. Nach einem Pfostentreffer der Preu\u00dfen sprang das Leder zur\u00fcck zu Daniel Wagner, der den Ball erneut in den Strafraum brachte und Rouven Houska fand, der sich nicht lange bitten lie\u00df &#8211; 2:1 f\u00fcr die Preu\u00dfen (50.). Die Schwarz-Gelben hatten nun die Lust am Fu\u00dfballspielen entdeckt. Mit fl\u00fcssigen Kombinationen spielten sie sich durch die gegnerische Defensive und hatten viele M\u00f6glichkeiten, von denen aber nur Michael Rudolf eine konsequent zum 3:1 nutzte (55.). Zweckel blieb im Spiel und hatte mit einem indirekten Freisto\u00df aus f\u00fcnf Metern die Chance zum Anschlusstreffer. Mike Rachs Schuss wurde aber geblockt (62.). Es war wohl der endg\u00fcltige Knackpunkt f\u00fcr die G\u00e4ste. Der stark aufspielende Daniel Wagner entschied schlie\u00dflich die Partie mit einem sehenswerten Volleyschuss (75.) zum 4:1.<\/p>\n<p>In der Folge regnete es f\u00f6rmlich Tore: Joker Niclas Burghardt schn\u00fcrte einen Doppelback zum 5:1 und 6:1 (85.\/88.), ehe Wladimir Schwanke ein zweites Ehrentor f\u00fcr die Zweckeler erzielte (89.). Den Schlusspunkt setzte Alessio Cebula, der einen Preu\u00dfen-Konter zum 7:2 vollendete (90.). Zweckel-Torwart Christian Scheuplein war danach so in Rage, dass er seinem eigenen Mitspieler den Ball absichtlich in den R\u00fccken schoss. Es war ein Sinnbild dieses Spiels, denn nach furiosem Beginn schlug sich die Zweitvertretung des SV Zweckel an diesem Tag selbst. Eine Chance, die sich die Preu\u00dfen nicht nehmen lie\u00dfen.<\/p>\n<\/div>\n","protected":false},"excerpt":{"rendered":"<p>SG Preu\u00dfen Gladbeck feierte in der Kreisliga A1 einen 7:2-Kantersieg \u00fcber die zweite Mannschaft des SV Zweckel. Dass es in Derbys zwischen Preu\u00dfen Gladbeck und dem SV Zweckel II oft hei\u00df hergeht, ist bekannt. Am gestrigen Sonntag lieferten sich beide Teams einen Schlagabtausch, der mehr einer Achterbahnfahrt glich als einem Fu\u00dfballspiel. Am Ende siegten die [&hellip;]<\/p>\n","protected":false},"author":3,"featured_media":6161,"comment_status":"open","ping_status":"open","sticky":false,"template":"","format":"standard","meta":{"_jetpack_memberships_contains_paid_content":false,"footnotes":"","jetpack_publicize_message":"","jetpack_publicize_feature_enabled":true,"jetpack_social_post_already_shared":false,"jetpack_social_options":{"image_generator_settings":{"template":"highway","default_image_id":0,"font":"","enabled":false},"version":2}},"categories":[20],"tags":[],"class_list":["post-6160","post","type-post","status-publish","format-standard","has-post-thumbnail","hentry","category-2-mannschaft"],"jetpack_publicize_connections":[],"jetpack_featured_media_url":"https:\/\/i0.wp.com\/www.svzweckel.de\/wp-content\/uploads\/2016\/09\/picture-117787006.jpg?fit=616%2C225&ssl=1","jetpack_sharing_enabled":true,"_links":{"self":[{"href":"https:\/\/www.svzweckel.de\/index.php?rest_route=\/wp\/v2\/posts\/6160","targetHints":{"allow":["GET"]}}],"collection":[{"href":"https:\/\/www.svzweckel.de\/index.php?rest_route=\/wp\/v2\/posts"}],"about":[{"href":"https:\/\/www.svzweckel.de\/index.php?rest_route=\/wp\/v2\/types\/post"}],"author":[{"embeddable":true,"href":"https:\/\/www.svzweckel.de\/index.php?rest_route=\/wp\/v2\/users\/3"}],"replies":[{"embeddable":true,"href":"https:\/\/www.svzweckel.de\/index.php?rest_route=%2Fwp%2Fv2%2Fcomments&post=6160"}],"version-history":[{"count":0,"href":"https:\/\/www.svzweckel.de\/index.php?rest_route=\/wp\/v2\/posts\/6160\/revisions"}],"wp:featuredmedia":[{"embeddable":true,"href":"https:\/\/www.svzweckel.de\/index.php?rest_route=\/wp\/v2\/media\/6161"}],"wp:attachment":[{"href":"https:\/\/www.svzweckel.de\/index.php?rest_route=%2Fwp%2Fv2%2Fmedia&parent=6160"}],"wp:term":[{"taxonomy":"category","embeddable":true,"href":"https:\/\/www.svzweckel.de\/index.php?rest_route=%2Fwp%2Fv2%2Fcategories&post=6160"},{"taxonomy":"post_tag","embeddable":true,"href":"https:\/\/www.svzweckel.de\/index.php?rest_route=%2Fwp%2Fv2%2Ftags&post=6160"}],"curies":[{"name":"wp","href":"https:\/\/api.w.org\/{rel}","templated":true}]}}