{"id":6300,"date":"2016-09-25T17:07:33","date_gmt":"2016-09-25T17:07:33","guid":{"rendered":"http:\/\/www.svzweckel.de\/?p=6300"},"modified":"2016-09-25T17:57:47","modified_gmt":"2016-09-25T17:57:47","slug":"schwarz-blau-gladbeck-schlaegt-den-sv-zweckel-ii-waz-vom-25-09-2016","status":"publish","type":"post","link":"https:\/\/www.svzweckel.de\/?p=6300","title":{"rendered":"Schwarz-Blau Gladbeck schl\u00e4gt den SV Zweckel II (WAZ vom 25.09.2016)"},"content":{"rendered":"<div>\n<p>In der Kreisliga A1 feierte Schwarz-Blau Gladbeck einen 3:1-Derbysieg \u00fcber den SV Zweckel II. Der SVZ ist nun Tabellenletzter.<\/p>\n<p>SuS Schwarz-Blau Gladbeck hat sein zweites Lokalderby f\u00fcr sich entschieden. Gegen den SV Zweckel II, der sich nun auf dem letzten Platz der Tabelle wiederfindet, gewannen die Platzherren mit 3:1 (2:0). Zwei fr\u00fche Tore stellen die Weichen in einem durchschnittlichen Spiel auf Sieg.<\/p>\n<p>SuS Schwarz-Blau Gladbeck &#8211; SV Zweckel II 3:1 (2:0)<\/p>\n<p>SuS Schwarz-Blau Gladbeck: Swoboda, Cakir (60. Akg\u00fcn), Stahlmann, Seelert, Schr\u00f6dl, Bas, Messinger (60. M\u00fcller), G\u00fcdding, Balaban (72. Duygulu), Wittig, Sarray.<\/p>\n<p>SV Zweckel II: Scheuplein, M\u00fchlpfordt (55. Don Vizor), van der Velden, Dana, Schwanke, Semmo, Schluck, Urbschat, Capek (66. Gbenou), Rach (74. Crevatin).<\/p>\n<p>Tore: 1:0 Stahlmann (7.), 2:0 Sarray (9.), 3:0 Stahlmann (82.), 3:1 Yaman (90.).<br \/>\nLeichte Tore f\u00fcr Schwarz-Blau<\/p>\n<p>In der Anfangsphase schienen die G\u00e4ste \u00fcberhaupt noch nicht auf dem Platz zu sein. Mit einem Doppelschlag gingen die Hausherren in F\u00fchrung. Tim Messinger setzte sich im Mittelfeld durch und spielte den Ball auf die rechte Seite. Die Hereingabe nahm Pascal Stahlmann direkt und zimmerte das Leder per Volleyschuss zum 1:0 f\u00fcr Schwarz-Blau (7.) in die Maschen. Damit nicht genug: Der n\u00e4chste Angriff landete gleich wieder im Tor der Zweckeler. Hussein Sarray lie\u00df die gr\u00fcn-schwarze Hintermannschaft ganz alt aussehen und zog trocken ins kurze Eck ab &#8211; 2:0. \u201eIch kann nicht begreifen, wie wir sie da durchkommen lassen\u201c, kommentierte Gordon Briese, Trainer des SVZ, nach der Partie.<\/p>\n<p>Diese fr\u00fche F\u00fchrung sorgte bei den Gastgebern nach zuletzt zwei Siegen am St\u00fcck nat\u00fcrlich f\u00fcr eine noch breitere Brust. Die noch sieglosen Zweckeler dagegen kamen in einer insgesamt schwachen ersten Halbzeit \u00fcberhaupt nicht richtig in die Partie.<\/p>\n<p>Nach dem Seitenwechsel hatten beide Mannschaften Chancen, das Spiel entweder zu entscheiden oder es noch einmal spannend zu machen. Es blieben auch beste Gelegenheiten ungenutzt. Eher waren es jedoch die Gastgeber, die der Entscheidung n\u00e4her waren.<\/p>\n<p>Letztlich kam es dann auch so: Pascal Stahlmann machte mit seinem zweiten Treffer zum 3:0 den Sieg perfekt. Das 1:3 durch Okan Yaman in der Nachspielzeit sorgte nicht mehr f\u00fcr Spannung.<\/p>\n<p>Trotz des Sieges war Sascha Reimann, Trainer von Schwarz-Blau, nicht einverstanden mit der Vorstellung seines Teams: \u201eDer Gegentreffer ist unn\u00f6tig und vermeidbar. Mit der Leistung bin ich absolut nicht zufrieden. Wir konnten bei Weitem nicht an die Leistungen der letzten Wochen ankn\u00fcpfen.\u201c<\/p>\n<p>Gordon Briese sah nach der sechsten Niederlage im siebten Spiel einen Haufen Arbeit auf sich zukommen. Sein Team ist nun Letzter: \u201eIch bin total entt\u00e4uscht. Es wird schwer, aber wir m\u00fcssen einfach weiter machen.\u201c<\/p>\n<\/div>\n","protected":false},"excerpt":{"rendered":"<p>In der Kreisliga A1 feierte Schwarz-Blau Gladbeck einen 3:1-Derbysieg \u00fcber den SV Zweckel II. Der SVZ ist nun Tabellenletzter. SuS Schwarz-Blau Gladbeck hat sein zweites Lokalderby f\u00fcr sich entschieden. Gegen den SV Zweckel II, der sich nun auf dem letzten Platz der Tabelle wiederfindet, gewannen die Platzherren mit 3:1 (2:0). Zwei fr\u00fche Tore stellen die [&hellip;]<\/p>\n","protected":false},"author":3,"featured_media":6302,"comment_status":"open","ping_status":"open","sticky":false,"template":"","format":"standard","meta":{"_jetpack_memberships_contains_paid_content":false,"footnotes":"","jetpack_publicize_message":"","jetpack_publicize_feature_enabled":true,"jetpack_social_post_already_shared":false,"jetpack_social_options":{"image_generator_settings":{"template":"highway","default_image_id":0,"font":"","enabled":false},"version":2}},"categories":[20],"tags":[],"class_list":["post-6300","post","type-post","status-publish","format-standard","has-post-thumbnail","hentry","category-2-mannschaft"],"jetpack_publicize_connections":[],"jetpack_featured_media_url":"https:\/\/i0.wp.com\/www.svzweckel.de\/wp-content\/uploads\/2016\/09\/picture-118544369.jpg?fit=616%2C225&ssl=1","jetpack_sharing_enabled":true,"_links":{"self":[{"href":"https:\/\/www.svzweckel.de\/index.php?rest_route=\/wp\/v2\/posts\/6300","targetHints":{"allow":["GET"]}}],"collection":[{"href":"https:\/\/www.svzweckel.de\/index.php?rest_route=\/wp\/v2\/posts"}],"about":[{"href":"https:\/\/www.svzweckel.de\/index.php?rest_route=\/wp\/v2\/types\/post"}],"author":[{"embeddable":true,"href":"https:\/\/www.svzweckel.de\/index.php?rest_route=\/wp\/v2\/users\/3"}],"replies":[{"embeddable":true,"href":"https:\/\/www.svzweckel.de\/index.php?rest_route=%2Fwp%2Fv2%2Fcomments&post=6300"}],"version-history":[{"count":0,"href":"https:\/\/www.svzweckel.de\/index.php?rest_route=\/wp\/v2\/posts\/6300\/revisions"}],"wp:featuredmedia":[{"embeddable":true,"href":"https:\/\/www.svzweckel.de\/index.php?rest_route=\/wp\/v2\/media\/6302"}],"wp:attachment":[{"href":"https:\/\/www.svzweckel.de\/index.php?rest_route=%2Fwp%2Fv2%2Fmedia&parent=6300"}],"wp:term":[{"taxonomy":"category","embeddable":true,"href":"https:\/\/www.svzweckel.de\/index.php?rest_route=%2Fwp%2Fv2%2Fcategories&post=6300"},{"taxonomy":"post_tag","embeddable":true,"href":"https:\/\/www.svzweckel.de\/index.php?rest_route=%2Fwp%2Fv2%2Ftags&post=6300"}],"curies":[{"name":"wp","href":"https:\/\/api.w.org\/{rel}","templated":true}]}}