{"id":6375,"date":"2016-09-29T06:17:03","date_gmt":"2016-09-29T06:17:03","guid":{"rendered":"http:\/\/www.svzweckel.de\/?p=6375"},"modified":"2016-09-29T06:18:53","modified_gmt":"2016-09-29T06:18:53","slug":"%e2%80%8bder-meisterschaftsfavorit-stellt-sich-vor","status":"publish","type":"post","link":"https:\/\/www.svzweckel.de\/?p=6375","title":{"rendered":"\u200bDer Meisterschaftsfavorit stellt sich vor"},"content":{"rendered":"<p><span id=\"img_container_1475129745830\" class=\"img_container\"><progress id=\"progress_1475129745830\" value=\"0.9\" class=\"wp_media_indicator\" contenteditable=\"false\"><\/progress>Sonntag, 02.10.16, SV Zweckel &#8211; TuS Haltern<\/span><\/p>\n<p>Am kommenden Sonntag stellt sich mit dem TuS Haltern der absolute Meisterschaftsfavorit der Westfalenliga 1 vor. Der Verein hat mit Christoph Metzelder einen prominenten Vorsitzenden, der es in den vergangenen Jahren mit einem schlagkr\u00e4ftigen Team geschafft hat, von der Landes- in die Westfalenliga aufzusteigen und dort auch die Favoritenrollen auf die Meisterschaft einzunehmen. Von den professionellen Rahmenbedingungen in Haltern kann der SV Zweckel nur tr\u00e4umen.&nbsp;<\/p>\n<p>Zum Stamm der Halterner geh\u00f6ren auch zwei ehemalige Zweckeler. Der langj\u00e4hrige Kapit\u00e4n des SV Zweckel, Jan Trampe, ist in der vergangenen Saison zu den Seest\u00e4dtern gewechselt und auch der Halterner Kapit\u00e4n Andre Koch war schon mit der Binde f\u00fcr den SV Zweckel aktiv. In Reihen des SV Zweckel brennt Fabio Sardini sicherlich auf das Spiel gegen seien Ex-Klub, denn im Sommer feierte er als Spieler des TuS noch den Aufstieg in die Westfalenliga.<\/p>\n<p>Aktuell ist Haltern wie erwartet Tabellenf\u00fchrer der Westfalenliga, musste jedoch in den letzten beiden Spielen erstmalig Punkte abliefern. In Hiltrup kassierte der TuS mit 4:2 die erste Saisonniederlage und am letzten Sonntag kam der Verein nicht \u00fcber ein Remis gegen die SpVgg Vreden hinaus.<\/p>\n<p>Nach dem Aufstieg verst\u00e4rkte sich der TuS neben einigen anderen Spielern mit Oberligaerfahrung insbesondere mit dem ehemaligen Oberligatorj\u00e4ger Stefan Oerterer, der in der laufenden Saison immerhin schon 12 Treffer f\u00fcr die Seest\u00e4dter erzielte und somit ma\u00dfgeblichen Anteil daran hatte, dass der Aufsteiger derzeit an der Tabellenspitze steht.&nbsp;<\/p>\n<p>Doch der SV Zweckel hat mit Lukas Kratzer auch einen Torj\u00e4ger in seinen Reihen, der mit bisher 7 Treffern immerhin der drittbeste Sch\u00fctze der Westfalenliga 1 ist. Der SV Zweckel hat in den letzten beiden Spielen gegen Preu\u00dfen M\u00fcnster II und beim TuS Hiltrup bewiesen, dass man mit Spitzenmannschaften mithalten und punkten kann. Am Sonntag wird es f\u00fcr den Gastgeber extrem schwer und es muss alles passen, damit der Gastgeber am Ende der Partie nicht mit leeren H\u00e4nden da steht.<\/p>\n<p>Nach dem Spiel k\u00f6nnen alle Interessierten im Vereinsheim um 17:30 Uhr das Heimspiel des FC Schalke 04 live verfolgen und k\u00f6nnen somit beruhigt vorher den SV Zweckel unterst\u00fctzen.<\/p>\n","protected":false},"excerpt":{"rendered":"<p>Sonntag, 02.10.16, SV Zweckel &#8211; TuS Haltern Am kommenden Sonntag stellt sich mit dem TuS Haltern der absolute Meisterschaftsfavorit der Westfalenliga 1 vor. Der Verein hat mit Christoph Metzelder einen prominenten Vorsitzenden, der es in den vergangenen Jahren mit einem schlagkr\u00e4ftigen Team geschafft hat, von der Landes- in die Westfalenliga aufzusteigen und dort auch die [&hellip;]<\/p>\n","protected":false},"author":3,"featured_media":6374,"comment_status":"open","ping_status":"open","sticky":false,"template":"","format":"standard","meta":{"_jetpack_memberships_contains_paid_content":false,"footnotes":"","jetpack_publicize_message":"","jetpack_publicize_feature_enabled":true,"jetpack_social_post_already_shared":false,"jetpack_social_options":{"image_generator_settings":{"template":"highway","default_image_id":0,"font":"","enabled":false},"version":2}},"categories":[2],"tags":[],"class_list":["post-6375","post","type-post","status-publish","format-standard","has-post-thumbnail","hentry","category-1-mannschaft"],"jetpack_publicize_connections":[],"jetpack_featured_media_url":"https:\/\/i0.wp.com\/www.svzweckel.de\/wp-content\/uploads\/2016\/09\/wp-image-63732767jpg.jpeg?fit=2000%2C1500&ssl=1","jetpack_sharing_enabled":true,"_links":{"self":[{"href":"https:\/\/www.svzweckel.de\/index.php?rest_route=\/wp\/v2\/posts\/6375","targetHints":{"allow":["GET"]}}],"collection":[{"href":"https:\/\/www.svzweckel.de\/index.php?rest_route=\/wp\/v2\/posts"}],"about":[{"href":"https:\/\/www.svzweckel.de\/index.php?rest_route=\/wp\/v2\/types\/post"}],"author":[{"embeddable":true,"href":"https:\/\/www.svzweckel.de\/index.php?rest_route=\/wp\/v2\/users\/3"}],"replies":[{"embeddable":true,"href":"https:\/\/www.svzweckel.de\/index.php?rest_route=%2Fwp%2Fv2%2Fcomments&post=6375"}],"version-history":[{"count":0,"href":"https:\/\/www.svzweckel.de\/index.php?rest_route=\/wp\/v2\/posts\/6375\/revisions"}],"wp:featuredmedia":[{"embeddable":true,"href":"https:\/\/www.svzweckel.de\/index.php?rest_route=\/wp\/v2\/media\/6374"}],"wp:attachment":[{"href":"https:\/\/www.svzweckel.de\/index.php?rest_route=%2Fwp%2Fv2%2Fmedia&parent=6375"}],"wp:term":[{"taxonomy":"category","embeddable":true,"href":"https:\/\/www.svzweckel.de\/index.php?rest_route=%2Fwp%2Fv2%2Fcategories&post=6375"},{"taxonomy":"post_tag","embeddable":true,"href":"https:\/\/www.svzweckel.de\/index.php?rest_route=%2Fwp%2Fv2%2Ftags&post=6375"}],"curies":[{"name":"wp","href":"https:\/\/api.w.org\/{rel}","templated":true}]}}