{"id":6574,"date":"2016-10-05T18:41:16","date_gmt":"2016-10-05T16:41:16","guid":{"rendered":"http:\/\/www.svzweckel.de\/?p=6574"},"modified":"2016-10-05T18:41:16","modified_gmt":"2016-10-05T16:41:16","slug":"die-raeder-werden-auf-null-gestellt-waz-vom-05-10-2016","status":"publish","type":"post","link":"https:\/\/www.svzweckel.de\/?p=6574","title":{"rendered":"Die R\u00e4der werden auf Null gestellt (WAZ vom 05.10.2016)"},"content":{"rendered":"<p class=\"abstract \">Mike Groth ist der neue Trainer des SV Zweckel II, dem Tabellenletzten der Kreisliga A1. \u201eEr ist die beste L\u00f6sung f\u00fcr diese Situation\u201c, sagt Ulrich Wloch, der Vorsitzende des Klubs. \u201eEr ist hier verwurzelt und vollen Herzens dabei.\u201c<\/p>\n<p class=\"abstract \">Ein neues \u201ealtes\u201c Gesicht betrat am Dienstagabend voller Tatendrang den Ascheplatz an der Dorstener Stra\u00dfe. Bei der Zweitvertretung des SV Zweckel hat sich nach dem katastrophalen Start in die neue Kreisliga-A-Saison etwas getan. Aktuell steht nur ein mageres P\u00fcnktchen und der letzte Tabellenplatz auf der Habenseite. Nachdem die Zweckeler am Samstag eine 0:7-Klatsche gegen den SV Hansa Scholven verkraften mussten, zog Gordon Briese, Ex-Coach des SV Zweckel II, die Rei\u00dfleine und stellte sein Amt zur Verf\u00fcgung. \u00dcbernehmen wird Mike Groth. Die R\u00e4der wieder auf null gestellt.<\/p>\n<div class=\"content\">\n<p>Am vergangenen Donnerstag gab es ein Gespr\u00e4ch zwischen den Verantwortlichen, bei dem die Zeichen schon auf Trennung standen. \u201eEr teilte uns mit, dass er keine L\u00f6sungen mehr hat\u201c, berichtete Vorsitzender Ulrich Wloch. Briese: \u201eDie Qualit\u00e4t ist nat\u00fcrlich die eine Sache, aber wenn es daran fehlt, muss man \u00fcber Motivation und Taktik kommen. Wir haben in den letzten Wochen nur geredet, geredet, geredet. Aber es kam nichts.\u201c<\/p>\n<p>Schon etwas l\u00e4nger hatte der Ex-\u00dcbungsleiter mit einem R\u00fccktritt gelieb\u00e4ugelt, da er seit der 2:7-Pleite im Derby gegen SG Preu\u00dfen Gladbeck nur noch R\u00fcckschritte gesehen habe. \u201eDa dachte ich: Okay, das war eine Klatsche, aber jetzt geben wir daf\u00fcr erst Recht Vollgas\u201c, so Briese. Dieser Effekt blieb aber v\u00f6llig aus.<\/p>\n<p>Da Brieses erste Trainerstation im Seniorenfu\u00dfball damit nach nur acht Ligapartien beendet ist, muss er das erst einmal verarbeiten. \u201eIch bin sehr entt\u00e4uscht, auch von mir selbst. Ich habe mich auch ein bisschen hilflos gef\u00fchlt. Hinter meinem R\u00fccken wurde viel geredet. Ich hoffe, dass es mein Nachfolger hinbekommt.\u201c Da sein Sohn schlie\u00dflich auch in Zweckel spielt, bleibt er dem Verein erhalten. Dass er nochmal ein Traineramt \u00fcbernehmen wird, schlie\u00dft er indes mit etwas Abstand nicht aus.<\/p>\n<p>Nun hat Mike Groth das Zepter in der Hand. Groth zeigte sich schon f\u00fcr die Erstvertretung von SG Preu\u00dfen zust\u00e4ndig, leitet als Obmann die alten Herren des SVZ und trainierte auch schon die Drittvertretung der Zweckeler, die es nun nicht mehr gibt. \u201eEr ist die beste L\u00f6sung f\u00fcr diese Situation. Er ist hier verwurzelt und vollen Herzens dabei\u201c, sagt Ulrich Wloch. Der \u00dcbungsleiter habe auch schon andere Teams aus Notsituationen herausman\u00f6vriert, f\u00fchrt der Zweckeler Vorsitzende weiter.<\/p>\n<p>Mutmacher seien die ersten Partien der Spielzeit, in denen die Gladbecker mithalten konnten, am Ende aber stets knapp verloren. \u201eEs ist durchaus Potenzial in der Mannschaft. Die Chemie stimmte einfach nicht. Ich denke, dass es fu\u00dfballerisch f\u00fcr die Kreisliga A reicht\u201c, so Wloch. Das kann der neue Coach gleich am Samstag beweisen. Da hei\u00dft es in der Heimspiel-Premiere die Mammutaufgabe gegen den Tabellenzweiten SpVgg. Erle 19 zu l\u00f6sen.<\/p>\n<\/div>\n","protected":false},"excerpt":{"rendered":"<p>Mike Groth ist der neue Trainer des SV Zweckel II, dem Tabellenletzten der Kreisliga A1. \u201eEr ist die beste L\u00f6sung f\u00fcr diese Situation\u201c, sagt Ulrich Wloch, der Vorsitzende des Klubs. \u201eEr ist hier verwurzelt und vollen Herzens dabei.\u201c Ein neues \u201ealtes\u201c Gesicht betrat am Dienstagabend voller Tatendrang den Ascheplatz an der Dorstener Stra\u00dfe. Bei der [&hellip;]<\/p>\n","protected":false},"author":3,"featured_media":6575,"comment_status":"open","ping_status":"open","sticky":false,"template":"","format":"standard","meta":{"_jetpack_memberships_contains_paid_content":false,"footnotes":"","jetpack_publicize_message":"","jetpack_publicize_feature_enabled":true,"jetpack_social_post_already_shared":false,"jetpack_social_options":{"image_generator_settings":{"template":"highway","default_image_id":0,"font":"","enabled":false},"version":2}},"categories":[20],"tags":[],"class_list":["post-6574","post","type-post","status-publish","format-standard","has-post-thumbnail","hentry","category-2-mannschaft"],"jetpack_publicize_connections":[],"jetpack_featured_media_url":"https:\/\/i0.wp.com\/www.svzweckel.de\/wp-content\/uploads\/2016\/10\/picture-25722019.jpg?fit=616%2C225&ssl=1","jetpack_sharing_enabled":true,"_links":{"self":[{"href":"https:\/\/www.svzweckel.de\/index.php?rest_route=\/wp\/v2\/posts\/6574","targetHints":{"allow":["GET"]}}],"collection":[{"href":"https:\/\/www.svzweckel.de\/index.php?rest_route=\/wp\/v2\/posts"}],"about":[{"href":"https:\/\/www.svzweckel.de\/index.php?rest_route=\/wp\/v2\/types\/post"}],"author":[{"embeddable":true,"href":"https:\/\/www.svzweckel.de\/index.php?rest_route=\/wp\/v2\/users\/3"}],"replies":[{"embeddable":true,"href":"https:\/\/www.svzweckel.de\/index.php?rest_route=%2Fwp%2Fv2%2Fcomments&post=6574"}],"version-history":[{"count":0,"href":"https:\/\/www.svzweckel.de\/index.php?rest_route=\/wp\/v2\/posts\/6574\/revisions"}],"wp:featuredmedia":[{"embeddable":true,"href":"https:\/\/www.svzweckel.de\/index.php?rest_route=\/wp\/v2\/media\/6575"}],"wp:attachment":[{"href":"https:\/\/www.svzweckel.de\/index.php?rest_route=%2Fwp%2Fv2%2Fmedia&parent=6574"}],"wp:term":[{"taxonomy":"category","embeddable":true,"href":"https:\/\/www.svzweckel.de\/index.php?rest_route=%2Fwp%2Fv2%2Fcategories&post=6574"},{"taxonomy":"post_tag","embeddable":true,"href":"https:\/\/www.svzweckel.de\/index.php?rest_route=%2Fwp%2Fv2%2Ftags&post=6574"}],"curies":[{"name":"wp","href":"https:\/\/api.w.org\/{rel}","templated":true}]}}