{"id":6607,"date":"2016-10-07T16:18:42","date_gmt":"2016-10-07T14:18:42","guid":{"rendered":"http:\/\/www.svzweckel.de\/?p=6607"},"modified":"2016-10-07T16:18:42","modified_gmt":"2016-10-07T14:18:42","slug":"%e2%80%8bsportausschusssitzung-vom-06-10-16","status":"publish","type":"post","link":"https:\/\/www.svzweckel.de\/?p=6607","title":{"rendered":"\u200bSportausschusssitzung vom 06.10.16"},"content":{"rendered":"<p>In der Zeit von 17:00 &#8211; 20:00 Uhr behandelte der Sportausschuss eine Verwaltungsvorlage mit folgender Schriftlage:<br \/>\nDie Verwaltung schl\u00e4gt daher vor, den n\u00e4chsten Kunstrasenplatz in 2018 auf der<\/p>\n<p>Sportanlage an der Ro\u00dfheidestra\u00dfe zu errichten und die entsprechenden Pr\u00fcfungen<\/p>\n<p>und Planungsschritte unter Einbeziehung l\u00e4rmschutztechnischer Vorgaben einzuleiten.<\/p>\n<p>Bez\u00fcglich der Zweckeler Anlage wurden drei Experten geh\u00f6rt. Herr V\u00f6llmecke von Uppenkamp und Partner, berichtete zum L\u00e4rmschutz und stellte Ergebnisse eines durch die Stadt beauftragten Gutachtens vor.&nbsp;<\/p>\n<p>Nach seiner Einsch\u00e4tzung trifft der Altanlagen-Bonus f\u00fcr die Sportanlage des SV Zweckel zu und er ging in seiner Stellungnahme auf beide Pl\u00e4tze ein.<\/p>\n<p>Rasenplatz:<\/p>\n<p>Seine grunds\u00e4tzliche Aussage lautete: \u201eDer Trainingsbetrieb funktioniert und der Spielbetrieb au\u00dferhalb der Ruhezeiten (13 &#8211; 15 Uhr) w\u00e4re auch mit einem Kunstrasenplatz machbar! Stiege man tiefer ein, lie\u00dfe sich eine L\u00f6sung finden.\u201c<\/p>\n<p>Tennenplatz:<\/p>\n<p>F\u00fcr den \u201eK\u00e4fig\u201c gilt diese Aussage nicht, denn die Wohnbebauung ragt schon sehr nah an die Platzanlage heran. Die Wochentage w\u00e4ren kein Problem, ein gem\u00e4\u00dfigter Trainingsbetrieb (auch mit Kunstrasen) w\u00e4re machbar. Die Szenarien f\u00fcr den sonnt\u00e4glichen Spielbetrieb w\u00fcrden aber zu Schwierigkeiten f\u00fchren k\u00f6nnen.&nbsp;<\/p>\n<p>Wichtig: das L\u00e4rmgutachten wurde mittels einer Simulation erstellt. Echtmessungen haben nicht stattgefunden. Der Gutachter konnte demnach auch nicht wissen, dass lediglich im Wintermonat der Spielbetrieb um 14:30 Uhr beginnt und die sch\u00fctzenswerte Ruhezeit am Sonntag (13 &#8211; 15 Uhr) kaum tangiert wird.&nbsp;<\/p>\n<p>Professor H\u00fcbner stellte nochmals heraus, dass auch heute schon ein Kunstrasen in Zweckel gebaut werden k\u00f6nnte und sich an der L\u00e4rmsituation nichts \u00e4ndern w\u00fcrde, da die Anlage hoch ausgelastet und in den Wintermonaten sogar \u00fcberlastet ist.<\/p>\n<p>Das konnte er durch aktuelle Zahlen und einer daraus resultierenden Grafik untermauern, wonach die Platzanlage des SV Zweckel die am st\u00e4rksten belastetste Fu\u00dfballanlage in Gladbeck ist.<\/p>\n<p>Herr Illgas vom Landschaftsarchitekturb\u00fcro Ulenberg &amp; Illgas erl\u00e4uterte voraussichtliche Kosten und die Machbarkeit von L\u00e4rmminderungsma\u00dfnahmen, die vermutlich anfallen w\u00fcrden, falls sich die im Entwurf befindliche neue SALVO (Sportanlagenl\u00e4rmschutzverordnung) nicht realisieren lie\u00dfe.&nbsp;<\/p>\n<p>Erfreulich f\u00fcr den SV Zweckel ist, dass sowohl die Verwaltung als auch alle Parteien die Planung eines vierten Kunstrasenplatzes f\u00fcr den SV Zweckel verbindlich zugesagt haben.&nbsp;<\/p>\n<p>Der Zeitpunkt der Errichtung steht allerdings noch nicht fest. Herr Beigeordneter Weichelt machte einen Vorschlag zur Erg\u00e4nzung der Beschlussvorlage, so dass damit auch f\u00fcr alle Beteiligten klar ist, dass die Planungen f\u00fcr die alte\/neue Sportanlage des SV Zweckel parallel zu den Planungen des Umbaus an der Ro\u00dfheidestra\u00dfe verlaufen.&nbsp;<\/p>\n<p>Danach wurde die Vorlage einstimmig vom Sportausschuss angenommen.<\/p>\n<p>Der SV Zweckel wird sich in absehbarer Zeit mit Herrn Professor H\u00fcbner und der Stadtverwaltung zusammensetzen und gemeinsam nach einer L\u00f6sung f\u00fcr den Verein suchen.<\/p>\n<p>M\u00f6glicherweise ergibt sich zum Jahresende durch eine neue SALVO eine Perspektive, die Platzanlage an der Dorstener Stra\u00dfe in den n\u00e4chsten Jahren zu ert\u00fcchtigen.&nbsp;<\/p>\n<p>Verdient h\u00e4tten es die vielen Mitglieder und Fu\u00dfballer, die sich seit Jahren auf einer Anlage tummeln, die nicht nur in die Jahre gekommen ist, sondern auf der allen Beteiligten das Fu\u00dfballspielen nicht leicht gemacht wird.<\/p>\n","protected":false},"excerpt":{"rendered":"<p>In der Zeit von 17:00 &#8211; 20:00 Uhr behandelte der Sportausschuss eine Verwaltungsvorlage mit folgender Schriftlage: Die Verwaltung schl\u00e4gt daher vor, den n\u00e4chsten Kunstrasenplatz in 2018 auf der Sportanlage an der Ro\u00dfheidestra\u00dfe zu errichten und die entsprechenden Pr\u00fcfungen und Planungsschritte unter Einbeziehung l\u00e4rmschutztechnischer Vorgaben einzuleiten. Bez\u00fcglich der Zweckeler Anlage wurden drei Experten geh\u00f6rt. Herr V\u00f6llmecke [&hellip;]<\/p>\n","protected":false},"author":3,"featured_media":6606,"comment_status":"open","ping_status":"open","sticky":false,"template":"","format":"standard","meta":{"_jetpack_memberships_contains_paid_content":false,"footnotes":"","jetpack_publicize_message":"","jetpack_publicize_feature_enabled":true,"jetpack_social_post_already_shared":false,"jetpack_social_options":{"image_generator_settings":{"template":"highway","default_image_id":0,"font":"","enabled":false},"version":2}},"categories":[2],"tags":[],"class_list":["post-6607","post","type-post","status-publish","format-standard","has-post-thumbnail","hentry","category-1-mannschaft"],"jetpack_publicize_connections":[],"jetpack_featured_media_url":"https:\/\/i0.wp.com\/www.svzweckel.de\/wp-content\/uploads\/2016\/10\/wp-image-1190098912jpg.jpg?fit=2000%2C1500&ssl=1","jetpack_sharing_enabled":true,"_links":{"self":[{"href":"https:\/\/www.svzweckel.de\/index.php?rest_route=\/wp\/v2\/posts\/6607","targetHints":{"allow":["GET"]}}],"collection":[{"href":"https:\/\/www.svzweckel.de\/index.php?rest_route=\/wp\/v2\/posts"}],"about":[{"href":"https:\/\/www.svzweckel.de\/index.php?rest_route=\/wp\/v2\/types\/post"}],"author":[{"embeddable":true,"href":"https:\/\/www.svzweckel.de\/index.php?rest_route=\/wp\/v2\/users\/3"}],"replies":[{"embeddable":true,"href":"https:\/\/www.svzweckel.de\/index.php?rest_route=%2Fwp%2Fv2%2Fcomments&post=6607"}],"version-history":[{"count":0,"href":"https:\/\/www.svzweckel.de\/index.php?rest_route=\/wp\/v2\/posts\/6607\/revisions"}],"wp:featuredmedia":[{"embeddable":true,"href":"https:\/\/www.svzweckel.de\/index.php?rest_route=\/wp\/v2\/media\/6606"}],"wp:attachment":[{"href":"https:\/\/www.svzweckel.de\/index.php?rest_route=%2Fwp%2Fv2%2Fmedia&parent=6607"}],"wp:term":[{"taxonomy":"category","embeddable":true,"href":"https:\/\/www.svzweckel.de\/index.php?rest_route=%2Fwp%2Fv2%2Fcategories&post=6607"},{"taxonomy":"post_tag","embeddable":true,"href":"https:\/\/www.svzweckel.de\/index.php?rest_route=%2Fwp%2Fv2%2Ftags&post=6607"}],"curies":[{"name":"wp","href":"https:\/\/api.w.org\/{rel}","templated":true}]}}