{"id":6612,"date":"2016-10-08T10:44:32","date_gmt":"2016-10-08T08:44:32","guid":{"rendered":"http:\/\/www.svzweckel.de\/?p=6612"},"modified":"2016-10-08T10:45:22","modified_gmt":"2016-10-08T08:45:22","slug":"erstes-spiel-der-zweiten-unter-neuem-trainer","status":"publish","type":"post","link":"https:\/\/www.svzweckel.de\/?p=6612","title":{"rendered":"Erstes Spiel der Zweiten unter neuem Trainer"},"content":{"rendered":"<p>Samstag, 08.10.16, 17:00 Uhr: SV Zweckel &#8211; SpVgg Erle<\/p>\n<p>Die Reserve hat seit Dienstag einen neuen Trainer. Mike Groth, der in der Vergangenheit insbesondere bei den Alten Herren Verantwortung \u00fcbernahm, steht am Samstag erstmalig an der Linie bei der Zweiten.<\/p>\n<p>Im Laufe der Woche konnte er sich bei den Trainingeinheiten ein Bild von der aktuellen Leistungsst\u00e4rke seiner Spieler machen und hatte zumindest den kompletten Kader zur Verf\u00fcgung. Wichtig ist es, die Stimmung und Einstellung der Spieler in den Griff zu bekommen, denn das fu\u00dfballerischen Leistungsverm\u00f6gen war nicht immer der Grund daf\u00fcr, dass es die eine oder andere Niederlage gab. Im Zweckeler Team sollte sich jeder zur\u00fccknehmen und seine eigenen Belange in den Dienst der Mannschaft und des Vereins stellen. Dann klappt es sicher auch mit den notwendigen Erfolgserlebnissen.<\/p>\n<p>Am Samstag wartet auf die Zweite allerdings eine megaschwere Aufgabe. Mit der SpVgg Erle kommt einer der Meisterschaftsfavoriten an die Dorstener Stra\u00dfe, der bislang noch kein Spiel verloren hat. F\u00fcr den SV Zweckel gilt es, alles zu geben und bis zur letzten Minute zu zeigen, dass die Mannschaft gewillt ist, mit dem neuen Trainer einen Neuanfang zu machen.<\/p>\n<p>Die Tabellensituation bietet auchnoch keinen Anlass zur Resignation, denn die &#8222;Rettungspl\u00e4tze&#8220; sind nur wenige Punkte entfernt und mit einem Sieg k\u00f6nnte man schon wieder die eine oder andere Mannschaft hinter sich lassen und den letzten Tabellenplatz verlassen.<\/p>\n","protected":false},"excerpt":{"rendered":"<p>Samstag, 08.10.16, 17:00 Uhr: SV Zweckel &#8211; SpVgg Erle Die Reserve hat seit Dienstag einen neuen Trainer. Mike Groth, der in der Vergangenheit insbesondere bei den Alten Herren Verantwortung \u00fcbernahm, steht am Samstag erstmalig an der Linie bei der Zweiten. Im Laufe der Woche konnte er sich bei den Trainingeinheiten ein Bild von der aktuellen [&hellip;]<\/p>\n","protected":false},"author":3,"featured_media":5025,"comment_status":"open","ping_status":"open","sticky":false,"template":"","format":"standard","meta":{"_jetpack_memberships_contains_paid_content":false,"footnotes":"","jetpack_publicize_message":"","jetpack_publicize_feature_enabled":true,"jetpack_social_post_already_shared":false,"jetpack_social_options":{"image_generator_settings":{"template":"highway","default_image_id":0,"font":"","enabled":false},"version":2}},"categories":[20],"tags":[],"class_list":["post-6612","post","type-post","status-publish","format-standard","has-post-thumbnail","hentry","category-2-mannschaft"],"jetpack_publicize_connections":[],"jetpack_featured_media_url":"https:\/\/i0.wp.com\/www.svzweckel.de\/wp-content\/uploads\/2016\/05\/20160424_121459.jpg?fit=640%2C360&ssl=1","jetpack_sharing_enabled":true,"_links":{"self":[{"href":"https:\/\/www.svzweckel.de\/index.php?rest_route=\/wp\/v2\/posts\/6612","targetHints":{"allow":["GET"]}}],"collection":[{"href":"https:\/\/www.svzweckel.de\/index.php?rest_route=\/wp\/v2\/posts"}],"about":[{"href":"https:\/\/www.svzweckel.de\/index.php?rest_route=\/wp\/v2\/types\/post"}],"author":[{"embeddable":true,"href":"https:\/\/www.svzweckel.de\/index.php?rest_route=\/wp\/v2\/users\/3"}],"replies":[{"embeddable":true,"href":"https:\/\/www.svzweckel.de\/index.php?rest_route=%2Fwp%2Fv2%2Fcomments&post=6612"}],"version-history":[{"count":0,"href":"https:\/\/www.svzweckel.de\/index.php?rest_route=\/wp\/v2\/posts\/6612\/revisions"}],"wp:featuredmedia":[{"embeddable":true,"href":"https:\/\/www.svzweckel.de\/index.php?rest_route=\/wp\/v2\/media\/5025"}],"wp:attachment":[{"href":"https:\/\/www.svzweckel.de\/index.php?rest_route=%2Fwp%2Fv2%2Fmedia&parent=6612"}],"wp:term":[{"taxonomy":"category","embeddable":true,"href":"https:\/\/www.svzweckel.de\/index.php?rest_route=%2Fwp%2Fv2%2Fcategories&post=6612"},{"taxonomy":"post_tag","embeddable":true,"href":"https:\/\/www.svzweckel.de\/index.php?rest_route=%2Fwp%2Fv2%2Ftags&post=6612"}],"curies":[{"name":"wp","href":"https:\/\/api.w.org\/{rel}","templated":true}]}}