{"id":6667,"date":"2016-10-09T23:23:23","date_gmt":"2016-10-09T21:23:23","guid":{"rendered":"http:\/\/www.svzweckel.de\/?p=6667"},"modified":"2016-10-09T23:23:23","modified_gmt":"2016-10-09T21:23:23","slug":"sv-zweckel-setzt-seine-serie-fort-waz-vom-09-10-16","status":"publish","type":"post","link":"https:\/\/www.svzweckel.de\/?p=6667","title":{"rendered":"SV Zweckel setzt seine Serie fort (WAZ vom 09.10.16)"},"content":{"rendered":"<p>SV Zweckel &#8211; SC Herford 1:1 (0:1)<\/p>\n<p>SV Zweckel: Matschnigg, Seidel, Alex, \u00d6nt\u00fcrk (67. Arogundade), Vasic, K\u00f6se (58. Imsirovic), We\u00dfelburg, Ibrahim, Klein (74. H\u00f6rter), Sardini, Kratzer<\/p>\n<p>Tore: 0:1 R\u00f6ber (45.+1), 1:1 Imsirovic (64.)<\/p>\n<p>Die Serie des SV Zweckel h\u00e4lt an. Am Sonntag drehten die Gr\u00fcnhemden zu Hause das Spiel gegen den SC Herford nach R\u00fcckstand noch zu einem 1:1-Remis und sind somit seit f\u00fcnf Pflichtspielen, davon vier in der Meisterschaft, ohne Niederlage. Von Trainer G\u00fcnter Appelt gab\u2019s deswegen ein Lob nach Abpfiff: \u201eIch bin zufrieden mit der Punkteausbeute. Wir haben gegen hochklassige Mannschaften gespielt und gezeigt, dass wir mithalten k\u00f6nnen.\u201c<\/p>\n<p>Dennoch sahen die rund 200 Zuschauer an diesem Spieltag eine weitaus schw\u00e4cher aufspielende Zweckeler Mannschaft als zuletzt beispielsweise gegen den Aufstiegsaspiranten TuS Haltern.<\/p>\n<p>Herford presste fr\u00fch und zwang die Platzherren im Mittelfeld zur\u00fcck in die eigene H\u00e4lfte. Lediglich SVZ-St\u00fcrmer Lukas Kratzer bahnte sich zwei Mal (12.,19.) den Weg durch das Herforder Bollwerk, schloss allerdings zu ungef\u00e4hrlich ab. Die logische Konsequenz: Die erste richtige Torchance hatten die G\u00e4ste. Martin Fuhsy rannte in der 26. Minute nach einem feinen Zuspiel allein auf Zweckels Schlussmann Fabian Matschnigg zu, der parierte aber souver\u00e4n zur Ecke.<\/p>\n<p>Ein Wachmacher f\u00fcr die Hausherren, die daraufhin aktiver wurden. Fabio Sardinis Schuss von der Strafraumgrenze konnte SC-Keeper Yannick Gr\u00fctzner so gerade parieren (31.), Ramadan Ibrahim traf mit einem artistischen Seitfallzieher nur den Pfosten (38.).<\/p>\n<p>Kurz vor dem Pausenpfiff sollten dann allerdings doch die Herforder jubeln: Nach einem Fehlpass von Mirac \u00d6nt\u00fcrk sicherte sich Fuhsy den Ball und legte uneigenn\u00fctzig quer auf Pascal R\u00f6ber, der nur noch einschieben musste. 0:1 mit dem Pausenpfiff.<\/p>\n<p>Die Gr\u00fcnhemden aber bekamen schon direkt nach dem Wiederbeginn die gro\u00dfe M\u00f6glichkeit auszugleichen: Kevin Klein k\u00f6pfte nach einer Ecke in der 49. Minute aus rund f\u00fcnf Metern scharf auf den gegnerischen Kasten, doch Gr\u00fctzner sicherte mit einer Glanztat die F\u00fchrung f\u00fcr sein Team.<\/p>\n<p><strong>Imsirovic guckt Gr\u00fctzner aus<\/strong><\/p>\n<p>In der 64. Minute hingegen sah der Herforder Torh\u00fcter gar nicht gut aus: Zweckel konterte sich \u00fcber Sardini gen SC-Tor, der Ball landete beim eingewechselten Haris Imsirovic, der sah, dass Gr\u00fctzner zu weit herausgekommen war und das Spielger\u00e4t kaltschn\u00e4uzig von der Strafraumgrenze ins Netz lupfte. Das 1:1 und die letzte wirklich spektakul\u00e4re Situation der Partie.<\/p>\n<p>\u201eWir h\u00e4tten gern gewonnen, aber das Remis ist verdient\u201c, so Appelt.<\/p>\n","protected":false},"excerpt":{"rendered":"<p>SV Zweckel &#8211; SC Herford 1:1 (0:1) SV Zweckel: Matschnigg, Seidel, Alex, \u00d6nt\u00fcrk (67. Arogundade), Vasic, K\u00f6se (58. Imsirovic), We\u00dfelburg, Ibrahim, Klein (74. H\u00f6rter), Sardini, Kratzer Tore: 0:1 R\u00f6ber (45.+1), 1:1 Imsirovic (64.) Die Serie des SV Zweckel h\u00e4lt an. Am Sonntag drehten die Gr\u00fcnhemden zu Hause das Spiel gegen den SC Herford nach R\u00fcckstand [&hellip;]<\/p>\n","protected":false},"author":3,"featured_media":6669,"comment_status":"open","ping_status":"open","sticky":false,"template":"","format":"standard","meta":{"_jetpack_memberships_contains_paid_content":false,"footnotes":"","jetpack_publicize_message":"","jetpack_publicize_feature_enabled":true,"jetpack_social_post_already_shared":false,"jetpack_social_options":{"image_generator_settings":{"template":"highway","default_image_id":0,"font":"","enabled":false},"version":2}},"categories":[2],"tags":[],"class_list":["post-6667","post","type-post","status-publish","format-standard","has-post-thumbnail","hentry","category-1-mannschaft"],"jetpack_publicize_connections":[],"jetpack_featured_media_url":"https:\/\/i0.wp.com\/www.svzweckel.de\/wp-content\/uploads\/2016\/10\/picture-119455165.jpg?fit=616%2C225&ssl=1","jetpack_sharing_enabled":true,"_links":{"self":[{"href":"https:\/\/www.svzweckel.de\/index.php?rest_route=\/wp\/v2\/posts\/6667","targetHints":{"allow":["GET"]}}],"collection":[{"href":"https:\/\/www.svzweckel.de\/index.php?rest_route=\/wp\/v2\/posts"}],"about":[{"href":"https:\/\/www.svzweckel.de\/index.php?rest_route=\/wp\/v2\/types\/post"}],"author":[{"embeddable":true,"href":"https:\/\/www.svzweckel.de\/index.php?rest_route=\/wp\/v2\/users\/3"}],"replies":[{"embeddable":true,"href":"https:\/\/www.svzweckel.de\/index.php?rest_route=%2Fwp%2Fv2%2Fcomments&post=6667"}],"version-history":[{"count":0,"href":"https:\/\/www.svzweckel.de\/index.php?rest_route=\/wp\/v2\/posts\/6667\/revisions"}],"wp:featuredmedia":[{"embeddable":true,"href":"https:\/\/www.svzweckel.de\/index.php?rest_route=\/wp\/v2\/media\/6669"}],"wp:attachment":[{"href":"https:\/\/www.svzweckel.de\/index.php?rest_route=%2Fwp%2Fv2%2Fmedia&parent=6667"}],"wp:term":[{"taxonomy":"category","embeddable":true,"href":"https:\/\/www.svzweckel.de\/index.php?rest_route=%2Fwp%2Fv2%2Fcategories&post=6667"},{"taxonomy":"post_tag","embeddable":true,"href":"https:\/\/www.svzweckel.de\/index.php?rest_route=%2Fwp%2Fv2%2Ftags&post=6667"}],"curies":[{"name":"wp","href":"https:\/\/api.w.org\/{rel}","templated":true}]}}