{"id":6670,"date":"2016-10-09T23:31:15","date_gmt":"2016-10-09T21:31:15","guid":{"rendered":"http:\/\/www.svzweckel.de\/?p=6670"},"modified":"2016-10-09T23:48:15","modified_gmt":"2016-10-09T21:48:15","slug":"bittere-niederlage-fuer-den-sv-zweckel-ii-waz-vom-09-10-2016","status":"publish","type":"post","link":"https:\/\/www.svzweckel.de\/?p=6670","title":{"rendered":"Bittere Niederlage f\u00fcr den SV Zweckel II (WAZ vom 09.10.2016)"},"content":{"rendered":"<p>Das Deb\u00fct von Mike Groth geht nach k\u00e4mpferischer Leistung in letzter Minute verloren. Zweckel kassiert drei Platzverweise, auch Erle spielt mit nur zehn Mann zu Ende.<\/p>\n<p>SV Zweckel II \u2013 SpVgg. Erle 19 0:1 (0:0)<\/p>\n<p>SVZ II: Scheuplein \u2013 van der Velden, Dana (16. Crevatin), Yaman, Ossman, Schwanke, Schluck (31. Semmo), Urbschat, Capek (63. Gbenou), Rach, Bahl.<br \/>\nTore: 0:1 Thomczik (90.).<br \/>\nBes. Vorkom.: Gelb-Rote Karten gegen Rach, Semmo und Yaman, Rote Karte gegen Mike Zapka (Erle 19).<\/p>\n<p>Mike Groth war zufrieden mit der Leistung der Reserve des SV Zweckel im Heimspiel gegen den Tabellenzweiten, die SpVgg. Erle 19. Zwar musste sich seine Mannschaft durch einen Last-Minute-Treffer des eingewechselten Nils Thomczik mit 0:1 geschlagen geben, Moral und Leistung der Zweckeler stimmten beim Deb\u00fct des neuen Linienchefs aber.<\/p>\n<p>Der trockene Boden h\u00fcllte die Aktiven im \u201eK\u00e4fig\u201c an der Dorstener Stra\u00dfe immer wieder in rote Staubwolken, die Zuschauer verpassten aber nicht allzu viel. Chancen waren auf beiden Seiten Mangelware. \u201eIch habe die Defensive gest\u00e4rkt, wir wollten vor allem reagieren\u201c, sagte Mike Groth nach dem Spiel. Eine Dreierkette mit Libero stellte er auf, Erle tat sich dagegen schwer, fand in der Offensive kaum statt. Die einzige Torchance f\u00fcr die Gastgeber im ersten Durchgang verbuchte Marcel Capek, dessen Distanzschuss Chris Maciejewski im Tor der G\u00e4ste entsch\u00e4rfen konnte.<\/p>\n<p>Nachdem die Hausherren verletzungsbedingt schon fr\u00fch wechseln mussten, dezimierten sich die Erler kurz vor dem Pausenpfiff selbst. In der bis dahin hart, aber fair gef\u00fchrten Partie ging Mike Zapka mit gestrecktem Bein in einen Zweikampf und bekam die Rote Karte. F\u00fcr Mike Groth eine zu harte Entscheidung. \u201eHier h\u00e4tte es auch die gelb getan.\u201c<\/p>\n<p>Lie\u00df der Unparteiische im ersten Durchgang noch viele umk\u00e4mpfte Szenen laufen, pfiff er in der zweiten Halbzeit wesentlich penibler. Daraus resultierend stieg auch die Zahl der Gelben, im Falle des SV Zweckel auch die der Gelb-Roten-Karten an.<\/p>\n<p>In der 49. Minute erwischte es Mike Rach, kurz vor Schluss und in der Nachspielzeit noch Ahmed Semmo und Okan Yaman. \u201eOkan hat dem Schiedsrichter applaudiert, der Platzverweis geht in Ordnung. Die anderen beiden waren zu hart\u201c, so Mike Groth. Als Nils Thomczik nach einem Freisto\u00df am langen Pfosten lauernd einschob, war neben den zwei verletzten und drei gesperrten Spielern auch noch der sicher geglaubte Punkt verloren. \u201eVor dem Spiel habe ich den Fu\u00dfball geliebt, jetzt hasse ich ihn\u201c, sagte Groth mit einem Schmunzeln und schob nach: \u201eWir lassen die K\u00f6pfe aber nicht h\u00e4ngen und arbeiten weiter.\u201c<\/p>\n","protected":false},"excerpt":{"rendered":"<p>Das Deb\u00fct von Mike Groth geht nach k\u00e4mpferischer Leistung in letzter Minute verloren. Zweckel kassiert drei Platzverweise, auch Erle spielt mit nur zehn Mann zu Ende. SV Zweckel II \u2013 SpVgg. Erle 19 0:1 (0:0) SVZ II: Scheuplein \u2013 van der Velden, Dana (16. Crevatin), Yaman, Ossman, Schwanke, Schluck (31. Semmo), Urbschat, Capek (63. Gbenou), [&hellip;]<\/p>\n","protected":false},"author":3,"featured_media":6671,"comment_status":"open","ping_status":"open","sticky":false,"template":"","format":"standard","meta":{"_jetpack_memberships_contains_paid_content":false,"footnotes":"","jetpack_publicize_message":"","jetpack_publicize_feature_enabled":true,"jetpack_social_post_already_shared":false,"jetpack_social_options":{"image_generator_settings":{"template":"highway","default_image_id":0,"font":"","enabled":false},"version":2}},"categories":[20],"tags":[],"class_list":["post-6670","post","type-post","status-publish","format-standard","has-post-thumbnail","hentry","category-2-mannschaft"],"jetpack_publicize_connections":[],"jetpack_featured_media_url":"https:\/\/i0.wp.com\/www.svzweckel.de\/wp-content\/uploads\/2016\/10\/picture-119436206.jpg?fit=616%2C225&ssl=1","jetpack_sharing_enabled":true,"_links":{"self":[{"href":"https:\/\/www.svzweckel.de\/index.php?rest_route=\/wp\/v2\/posts\/6670","targetHints":{"allow":["GET"]}}],"collection":[{"href":"https:\/\/www.svzweckel.de\/index.php?rest_route=\/wp\/v2\/posts"}],"about":[{"href":"https:\/\/www.svzweckel.de\/index.php?rest_route=\/wp\/v2\/types\/post"}],"author":[{"embeddable":true,"href":"https:\/\/www.svzweckel.de\/index.php?rest_route=\/wp\/v2\/users\/3"}],"replies":[{"embeddable":true,"href":"https:\/\/www.svzweckel.de\/index.php?rest_route=%2Fwp%2Fv2%2Fcomments&post=6670"}],"version-history":[{"count":0,"href":"https:\/\/www.svzweckel.de\/index.php?rest_route=\/wp\/v2\/posts\/6670\/revisions"}],"wp:featuredmedia":[{"embeddable":true,"href":"https:\/\/www.svzweckel.de\/index.php?rest_route=\/wp\/v2\/media\/6671"}],"wp:attachment":[{"href":"https:\/\/www.svzweckel.de\/index.php?rest_route=%2Fwp%2Fv2%2Fmedia&parent=6670"}],"wp:term":[{"taxonomy":"category","embeddable":true,"href":"https:\/\/www.svzweckel.de\/index.php?rest_route=%2Fwp%2Fv2%2Fcategories&post=6670"},{"taxonomy":"post_tag","embeddable":true,"href":"https:\/\/www.svzweckel.de\/index.php?rest_route=%2Fwp%2Fv2%2Ftags&post=6670"}],"curies":[{"name":"wp","href":"https:\/\/api.w.org\/{rel}","templated":true}]}}