{"id":6685,"date":"2016-10-10T12:10:47","date_gmt":"2016-10-10T10:10:47","guid":{"rendered":"http:\/\/www.svzweckel.de\/?p=6685"},"modified":"2016-10-10T12:10:47","modified_gmt":"2016-10-10T10:10:47","slug":"duell-der-absteiger","status":"publish","type":"post","link":"https:\/\/www.svzweckel.de\/?p=6685","title":{"rendered":"Duell der Absteiger"},"content":{"rendered":"<p>Sonntag, 16.10.16, 15:00 Uhr: SV Schermbeck &#8211; SV Zweckel<\/p>\n<p>Im n\u00e4chsten Ausw\u00e4rtsspiel treffen in Schermbeck die beiden letztj\u00e4hrigen Oberligisten Schermbeck und Zweckel aufeinander. Beide Absteiger sind nicht optimal in die Saison gestartet und haben 7 Punkte auf der Habenseite. Der SV Zweckel k\u00e4mpft allerdings noch um drei Punkte aus dem verloren gewerteten Spiel in Clarholz und hofft darauf, diese wieder gut geschrieben zu bekommen.<br \/>\nDie Schermbecker verloren am vergangenen Sonntag beim TuS Hiltrup mit 2:0 und sind seit vier Spielen ohne Punktgewinn. Der SVS hat in der Vergangenheit schon gegen sieben Gegner gespielt, gegen die auch der SV Zweckel antreten musste. Die Ausbeute des sonnt\u00e4glihen Gastgebers war \u00e4hnlich wie die der Schwarz-Gr\u00fcnen. Die Mannschaften d\u00fcrften sich somit auf Augenh\u00f6he befinden und am Sonntag kommt es auf die Tagesform an, wer am Ende als Sieger den Platz verl\u00e4sst. Der Zweckeler Anhang d\u00fcrfte an die Volksbank-Arena keine guten Erinnerungen haben, denn in der letzten Saison lieferten die Zweckeler dort in einem Freitagabendspiel eine ihrer schlechtesten Leistungen in der abgelaufenen Oberliagsaison ab und verloren mit 2:1.<br \/>\nDas soll am n\u00e4chsten Sonntag anders werden, wobei der in Kirchhellen wohnhafte Schermbecker Trainer Christoph Schlebach seine Mannschaft sicher auf das Derby einschw\u00f6ren wird.<br \/>\nDer SV Zweckel ist jetzt seit vier Meisterschaftsspielen ungeschlagen, wobei lediglich ein Sieg gegen Preu\u00dfen M\u00fcnster II zu Buche steht. Mit der entsprechenden k\u00e4mpferischen Einstellung wird das Zweckeler Team auch in Schermbeck bestehen. Im Spiel gegen Herford fehlte noch der gelbgesperrte Mahmut Akbaba, der in Schermbeck wieder zum Aufgebot geh\u00f6ren wird. Nach l\u00e4ngerer Verletzungspause steht mit Haris Imsirovic auch der Torsch\u00fctze gegen Herford wieder als Alternative bereit, so dass Trainer G\u00fcnter Appelt fast wieder aus dem Vollen sch\u00f6pfen kann.<\/p>\n<p>Adresse:<br \/>\nVOLKSBANK ARENA, Im Trog 52, 46514 Schermbeck<\/p>\n","protected":false},"excerpt":{"rendered":"<p>Sonntag, 16.10.16, 15:00 Uhr: SV Schermbeck &#8211; SV Zweckel Im n\u00e4chsten Ausw\u00e4rtsspiel treffen in Schermbeck die beiden letztj\u00e4hrigen Oberligisten Schermbeck und Zweckel aufeinander. Beide Absteiger sind nicht optimal in die Saison gestartet und haben 7 Punkte auf der Habenseite. Der SV Zweckel k\u00e4mpft allerdings noch um drei Punkte aus dem verloren gewerteten Spiel in Clarholz [&hellip;]<\/p>\n","protected":false},"author":3,"featured_media":6686,"comment_status":"open","ping_status":"open","sticky":false,"template":"","format":"standard","meta":{"_jetpack_memberships_contains_paid_content":false,"footnotes":"","jetpack_publicize_message":"","jetpack_publicize_feature_enabled":true,"jetpack_social_post_already_shared":false,"jetpack_social_options":{"image_generator_settings":{"template":"highway","default_image_id":0,"font":"","enabled":false},"version":2}},"categories":[2,18],"tags":[],"class_list":["post-6685","post","type-post","status-publish","format-standard","has-post-thumbnail","hentry","category-1-mannschaft","category-senioren"],"jetpack_publicize_connections":[],"jetpack_featured_media_url":"https:\/\/i0.wp.com\/www.svzweckel.de\/wp-content\/uploads\/2016\/10\/DSCN1861.jpg?fit=1024%2C768&ssl=1","jetpack_sharing_enabled":true,"_links":{"self":[{"href":"https:\/\/www.svzweckel.de\/index.php?rest_route=\/wp\/v2\/posts\/6685","targetHints":{"allow":["GET"]}}],"collection":[{"href":"https:\/\/www.svzweckel.de\/index.php?rest_route=\/wp\/v2\/posts"}],"about":[{"href":"https:\/\/www.svzweckel.de\/index.php?rest_route=\/wp\/v2\/types\/post"}],"author":[{"embeddable":true,"href":"https:\/\/www.svzweckel.de\/index.php?rest_route=\/wp\/v2\/users\/3"}],"replies":[{"embeddable":true,"href":"https:\/\/www.svzweckel.de\/index.php?rest_route=%2Fwp%2Fv2%2Fcomments&post=6685"}],"version-history":[{"count":0,"href":"https:\/\/www.svzweckel.de\/index.php?rest_route=\/wp\/v2\/posts\/6685\/revisions"}],"wp:featuredmedia":[{"embeddable":true,"href":"https:\/\/www.svzweckel.de\/index.php?rest_route=\/wp\/v2\/media\/6686"}],"wp:attachment":[{"href":"https:\/\/www.svzweckel.de\/index.php?rest_route=%2Fwp%2Fv2%2Fmedia&parent=6685"}],"wp:term":[{"taxonomy":"category","embeddable":true,"href":"https:\/\/www.svzweckel.de\/index.php?rest_route=%2Fwp%2Fv2%2Fcategories&post=6685"},{"taxonomy":"post_tag","embeddable":true,"href":"https:\/\/www.svzweckel.de\/index.php?rest_route=%2Fwp%2Fv2%2Ftags&post=6685"}],"curies":[{"name":"wp","href":"https:\/\/api.w.org\/{rel}","templated":true}]}}