{"id":6688,"date":"2016-10-10T13:09:07","date_gmt":"2016-10-10T11:09:07","guid":{"rendered":"http:\/\/www.svzweckel.de\/?p=6688"},"modified":"2016-10-10T13:09:07","modified_gmt":"2016-10-10T11:09:07","slug":"schwerer-gang-fuer-die-reserve","status":"publish","type":"post","link":"https:\/\/www.svzweckel.de\/?p=6688","title":{"rendered":"Schwerer Gang f\u00fcr die Reserve"},"content":{"rendered":"<p>Sonntag, 16.10.16, 15:00 Uhr: SuS Beckhausen &#8211; SV Zweckel<\/p>\n<p>Nach der guten Vorstellung der Zweiten unter &#8222;Neu-Trainer&#8220; Mike Groth steht der Reserve der n\u00e4chste Brocken vor der Brust. Beim Tabellenf\u00fchrer SuS Beckhausen h\u00e4ngen die Trauben richtig hoch und nach der letzten Partie gegen Erle muss die Mannschaft auf drei Spieler verzichten, die in dieser Partie mit Gelb-Rot des Feldes verwiesen wurden.<br \/>\nIn der zweiten Halbzeit des Spiels im K\u00e4fig verlor der junge Schiedsrichter, der einen Tag vorher 17 Jahre alt geworden ist, komplett den \u00dcberblick und verteilte im Spiel gleich achtmal die gelbe Karte und dreimal gelb-rot f\u00fcr den SV Zweckel. Dass er dann auch noch in der Nachspielzeit einen Treffer anerkannte, der erst durch ein vorangeganges Foulspiel erzielt wurde, macht es f\u00fcr die Mannschaft von Trainer Groth noch bitterer.<br \/>\nDer ganze Aufwand wurde leider im Endeffekt nicht belohnt. Doch das ist nun nicht mehr zu \u00e4ndern. Trotzdem war Mike Groth stolz auf die gezeigte Leistung seines Teams.<br \/>\nAm Sonntag wird es jedoch auf Grund der Gelb-Rot-Sperren personell eng f\u00fcr die Reserve und es sind nur wenige Alternativen vorhanden, um dem Ligaprimus Paroli zu bieten.<br \/>\nFalls die Zweite jedoch mit der gleichen Kampfbereitschaft und Leidenschaft ins Spiel in Beckhausen geht, ist dort nicht alles verloren, zumal die Heimmannschafte den Tabellenletzten m\u00f6glicherweise untersch\u00e4tzen k\u00f6nnte.<\/p>\n","protected":false},"excerpt":{"rendered":"<p>Sonntag, 16.10.16, 15:00 Uhr: SuS Beckhausen &#8211; SV Zweckel Nach der guten Vorstellung der Zweiten unter &#8222;Neu-Trainer&#8220; Mike Groth steht der Reserve der n\u00e4chste Brocken vor der Brust. Beim Tabellenf\u00fchrer SuS Beckhausen h\u00e4ngen die Trauben richtig hoch und nach der letzten Partie gegen Erle muss die Mannschaft auf drei Spieler verzichten, die in dieser Partie [&hellip;]<\/p>\n","protected":false},"author":3,"featured_media":6690,"comment_status":"open","ping_status":"open","sticky":false,"template":"","format":"standard","meta":{"_jetpack_memberships_contains_paid_content":false,"footnotes":"","jetpack_publicize_message":"","jetpack_publicize_feature_enabled":true,"jetpack_social_post_already_shared":false,"jetpack_social_options":{"image_generator_settings":{"template":"highway","default_image_id":0,"font":"","enabled":false},"version":2}},"categories":[20],"tags":[],"class_list":["post-6688","post","type-post","status-publish","format-standard","has-post-thumbnail","hentry","category-2-mannschaft"],"jetpack_publicize_connections":[],"jetpack_featured_media_url":"https:\/\/i0.wp.com\/www.svzweckel.de\/wp-content\/uploads\/2016\/10\/DSCN1877.jpg?fit=1024%2C768&ssl=1","jetpack_sharing_enabled":true,"_links":{"self":[{"href":"https:\/\/www.svzweckel.de\/index.php?rest_route=\/wp\/v2\/posts\/6688","targetHints":{"allow":["GET"]}}],"collection":[{"href":"https:\/\/www.svzweckel.de\/index.php?rest_route=\/wp\/v2\/posts"}],"about":[{"href":"https:\/\/www.svzweckel.de\/index.php?rest_route=\/wp\/v2\/types\/post"}],"author":[{"embeddable":true,"href":"https:\/\/www.svzweckel.de\/index.php?rest_route=\/wp\/v2\/users\/3"}],"replies":[{"embeddable":true,"href":"https:\/\/www.svzweckel.de\/index.php?rest_route=%2Fwp%2Fv2%2Fcomments&post=6688"}],"version-history":[{"count":0,"href":"https:\/\/www.svzweckel.de\/index.php?rest_route=\/wp\/v2\/posts\/6688\/revisions"}],"wp:featuredmedia":[{"embeddable":true,"href":"https:\/\/www.svzweckel.de\/index.php?rest_route=\/wp\/v2\/media\/6690"}],"wp:attachment":[{"href":"https:\/\/www.svzweckel.de\/index.php?rest_route=%2Fwp%2Fv2%2Fmedia&parent=6688"}],"wp:term":[{"taxonomy":"category","embeddable":true,"href":"https:\/\/www.svzweckel.de\/index.php?rest_route=%2Fwp%2Fv2%2Fcategories&post=6688"},{"taxonomy":"post_tag","embeddable":true,"href":"https:\/\/www.svzweckel.de\/index.php?rest_route=%2Fwp%2Fv2%2Ftags&post=6688"}],"curies":[{"name":"wp","href":"https:\/\/api.w.org\/{rel}","templated":true}]}}