{"id":6740,"date":"2016-10-21T14:36:02","date_gmt":"2016-10-21T12:36:02","guid":{"rendered":"http:\/\/www.svzweckel.de\/?p=6740"},"modified":"2016-10-21T14:41:13","modified_gmt":"2016-10-21T12:41:13","slug":"gelungener-saisonstart-der-zweckler-jugend","status":"publish","type":"post","link":"https:\/\/www.svzweckel.de\/?p=6740","title":{"rendered":"Gelungener Saisonstart der Zweckler Jugend"},"content":{"rendered":"<p>Bevor in der n\u00e4chsten Woche wieder der gewohnte Trainingsplan l\u00e4uft und die Meisterschaftsspiele weitergehen, m\u00f6chten wir einen zusammenfassenden Rundumblick \u00fcber die ersten Ergebnisse in der laufenden Saison machen:<\/p>\n<p>Unsere <em><strong>A<\/strong><\/em>-Jugend steht in der Tabelle auf Platz 1 und ist im Kreispokal auf einem guten Weg und wartet dort gespannt auf das Halbfinale.<\/p>\n<p>Unsere beiden <em><strong>B<\/strong><\/em>-Juniorenmannschaften stehen jeweils auf Platz 3 der Tabelle und die B1 wartet zudem voller Tatendrang auf den weiteren Gegner im Kreispokal Halbfinale.<\/p>\n<p>Die <em><strong>C<\/strong><\/em>-Junioren stehen in ihrer Gruppe auf dem 7. Tabellenplatz.<br \/>\nDoch muss man betrachten, dass die Gr\u00fcnhemden erst zwei Spiele gemacht haben,<br \/>\nobwohl auch hier der 5. Spieltag bereits gelaufen ist.<br \/>\nWir sind also sehr gespannt, was unsere Jungs f\u00fcr Ergebnisse erzielen, wenn Sie spielen d\u00fcrfen.<\/p>\n<p>Die <em><strong>D<\/strong><\/em>-Junioren starteten ebenfalls gut in die Saison. Ein erster- bzw. zweiter Tabellenplatz und tolle Erfolge auf Turnieren konnten hier verzeichnet werden.<\/p>\n<p>Unsere <em><strong>E1<\/strong><\/em>-Junioren liegen aktuelle auf Platz drei der Tabelle.<br \/>\nF\u00fcr die beiden anderen <em><strong>E<\/strong><\/em>-Junioren-Mannschaften des SV Zweckel verlief der Saisonstart etwas schleppend, doch noch sind wir am Anfang der Saison und es ist noch alles drin.<br \/>\nDie letzten Trainingsleistungen lassen uns positiv in die Zukunft blicken.<\/p>\n<p>Mit vier Mannschaften sind die <em><strong>F<\/strong><\/em>-Junioren der momentan gr\u00f6\u00dfte Jahrgang in der Jugend.<br \/>\nHier sieht man schon, dass die Kids einiges an Erfahrung sammeln konnten und viel gelernt haben.<br \/>\nEine Tabelle wird hier noch nicht ver\u00f6ffentlicht, doch wurden auch hier super Erfolge bei den Spielen und Turnieren erzielt.<\/p>\n<p>Es macht immer wieder Spa\u00df, den <em><strong>G<\/strong><\/em>-Junioren zu zuschauen.<br \/>\nDie ersten Spiele sind immer wieder aufregend, sowohl f\u00fcr Kinder, Trainer und auch Eltern.<br \/>\nIm Training sieht man jede Woche Fortschritte bei jedem Einzelnen.<\/p>\n<p>Der <em><strong>Fu\u00dfballkindergarten<\/strong><\/em> ist derzeit mit 20 Kindern voll ausgelastet.<br \/>\nDie j\u00fcngsten Zweckler haben viel Spa\u00df an der Bewegung mit dem Ball und sind immer wieder voller Freude beim Training dabei.<\/p>\n<p>&nbsp;<\/p>\n<p>Ein gro\u00dfer Dank gilt an dieser Stelle den Trainern, die jede Woche aufs Neue alles aus den Kindern und Jugendlichen herausholen, sie motivieren und auch hilfreich kritisieren.<\/p>\n<p>Ohne Euch w\u00e4re eine so tolle Jugendarbeit nicht m\u00f6glich.<\/p>\n<p><strong>Vielen Dank.<\/strong><\/p>\n<p>&nbsp;<\/p>\n","protected":false},"excerpt":{"rendered":"<p>Bevor in der n\u00e4chsten Woche wieder der gewohnte Trainingsplan l\u00e4uft und die Meisterschaftsspiele weitergehen, m\u00f6chten wir einen zusammenfassenden Rundumblick \u00fcber die ersten Ergebnisse in der laufenden Saison machen: Unsere A-Jugend steht in der Tabelle auf Platz 1 und ist im Kreispokal auf einem guten Weg und wartet dort gespannt auf das Halbfinale. Unsere beiden B-Juniorenmannschaften [&hellip;]<\/p>\n","protected":false},"author":3,"featured_media":5109,"comment_status":"open","ping_status":"open","sticky":false,"template":"","format":"standard","meta":{"_jetpack_memberships_contains_paid_content":false,"footnotes":"","jetpack_publicize_message":"","jetpack_publicize_feature_enabled":true,"jetpack_social_post_already_shared":false,"jetpack_social_options":{"image_generator_settings":{"template":"highway","default_image_id":0,"font":"","enabled":false},"version":2}},"categories":[10],"tags":[],"class_list":["post-6740","post","type-post","status-publish","format-standard","has-post-thumbnail","hentry","category-nachwuchs"],"jetpack_publicize_connections":[],"jetpack_featured_media_url":"https:\/\/i0.wp.com\/www.svzweckel.de\/wp-content\/uploads\/2016\/05\/11.jpg?fit=1024%2C552&ssl=1","jetpack_sharing_enabled":true,"_links":{"self":[{"href":"https:\/\/www.svzweckel.de\/index.php?rest_route=\/wp\/v2\/posts\/6740","targetHints":{"allow":["GET"]}}],"collection":[{"href":"https:\/\/www.svzweckel.de\/index.php?rest_route=\/wp\/v2\/posts"}],"about":[{"href":"https:\/\/www.svzweckel.de\/index.php?rest_route=\/wp\/v2\/types\/post"}],"author":[{"embeddable":true,"href":"https:\/\/www.svzweckel.de\/index.php?rest_route=\/wp\/v2\/users\/3"}],"replies":[{"embeddable":true,"href":"https:\/\/www.svzweckel.de\/index.php?rest_route=%2Fwp%2Fv2%2Fcomments&post=6740"}],"version-history":[{"count":0,"href":"https:\/\/www.svzweckel.de\/index.php?rest_route=\/wp\/v2\/posts\/6740\/revisions"}],"wp:featuredmedia":[{"embeddable":true,"href":"https:\/\/www.svzweckel.de\/index.php?rest_route=\/wp\/v2\/media\/5109"}],"wp:attachment":[{"href":"https:\/\/www.svzweckel.de\/index.php?rest_route=%2Fwp%2Fv2%2Fmedia&parent=6740"}],"wp:term":[{"taxonomy":"category","embeddable":true,"href":"https:\/\/www.svzweckel.de\/index.php?rest_route=%2Fwp%2Fv2%2Fcategories&post=6740"},{"taxonomy":"post_tag","embeddable":true,"href":"https:\/\/www.svzweckel.de\/index.php?rest_route=%2Fwp%2Fv2%2Ftags&post=6740"}],"curies":[{"name":"wp","href":"https:\/\/api.w.org\/{rel}","templated":true}]}}