{"id":6805,"date":"2016-10-28T21:57:59","date_gmt":"2016-10-28T19:57:59","guid":{"rendered":"http:\/\/www.svzweckel.de\/?p=6805"},"modified":"2016-10-28T21:58:17","modified_gmt":"2016-10-28T19:58:17","slug":"zwei-reserveteams-treffen-aufeinander","status":"publish","type":"post","link":"https:\/\/www.svzweckel.de\/?p=6805","title":{"rendered":"Zwei Reserveteams treffen aufeinander"},"content":{"rendered":"<p>Sonntag, 01.11.2016, 13:00 Uhr: YEG Hassel II &#8211; SV Zweckel II<\/p>\n<p>Die Reserve des SV Zweckel wartet immer noch auf den ersten Sieg. Fraglich ist jedoch, ob dieser am n\u00e4chsten Sonntag in Hassel zustande kommt. Nach der knappen Niederlage am letzten Samstag gegen TuS Rotthausen w\u00fcrde ein Sieg dem SV Zweckel sicher gut tun. Zumal das rettenen Ufer bereits einige Punkte entfernt ist.<\/p>\n<p>Trainer Mike Groth kann am Sonntag erstmals aus dem Vollen sch\u00f6pfen, denn in der laufenden Woche waren so viele Spieler beim Training wie schon lange nicht mehr. Einige Langzeitverletzte sind wieder zur Mannschaft gesto\u00dfen und k\u00f6nnen in den n\u00e4chsten Wochen sicher den Mannschaftskader verst\u00e4rken.<\/p>\n<p>Es w\u00e4re dem Team zu g\u00f6nnen, dass es erstmals in dieser Saison die Punkte auf der Habenseite landen w\u00fcrden. Gespielt wird auf der Platzanlage am L\u00fcttinhof in Hassel.<\/p>\n","protected":false},"excerpt":{"rendered":"<p>Sonntag, 01.11.2016, 13:00 Uhr: YEG Hassel II &#8211; SV Zweckel II Die Reserve des SV Zweckel wartet immer noch auf den ersten Sieg. Fraglich ist jedoch, ob dieser am n\u00e4chsten Sonntag in Hassel zustande kommt. Nach der knappen Niederlage am letzten Samstag gegen TuS Rotthausen w\u00fcrde ein Sieg dem SV Zweckel sicher gut tun. Zumal [&hellip;]<\/p>\n","protected":false},"author":3,"featured_media":6807,"comment_status":"open","ping_status":"open","sticky":false,"template":"","format":"standard","meta":{"_jetpack_memberships_contains_paid_content":false,"footnotes":"","jetpack_publicize_message":"","jetpack_publicize_feature_enabled":true,"jetpack_social_post_already_shared":false,"jetpack_social_options":{"image_generator_settings":{"template":"highway","default_image_id":0,"font":"","enabled":false},"version":2}},"categories":[20,18],"tags":[],"class_list":["post-6805","post","type-post","status-publish","format-standard","has-post-thumbnail","hentry","category-2-mannschaft","category-senioren"],"jetpack_publicize_connections":[],"jetpack_featured_media_url":"https:\/\/i0.wp.com\/www.svzweckel.de\/wp-content\/uploads\/2016\/10\/2016-10-27-19.19.08.jpg?fit=1024%2C768&ssl=1","jetpack_sharing_enabled":true,"_links":{"self":[{"href":"https:\/\/www.svzweckel.de\/index.php?rest_route=\/wp\/v2\/posts\/6805","targetHints":{"allow":["GET"]}}],"collection":[{"href":"https:\/\/www.svzweckel.de\/index.php?rest_route=\/wp\/v2\/posts"}],"about":[{"href":"https:\/\/www.svzweckel.de\/index.php?rest_route=\/wp\/v2\/types\/post"}],"author":[{"embeddable":true,"href":"https:\/\/www.svzweckel.de\/index.php?rest_route=\/wp\/v2\/users\/3"}],"replies":[{"embeddable":true,"href":"https:\/\/www.svzweckel.de\/index.php?rest_route=%2Fwp%2Fv2%2Fcomments&post=6805"}],"version-history":[{"count":0,"href":"https:\/\/www.svzweckel.de\/index.php?rest_route=\/wp\/v2\/posts\/6805\/revisions"}],"wp:featuredmedia":[{"embeddable":true,"href":"https:\/\/www.svzweckel.de\/index.php?rest_route=\/wp\/v2\/media\/6807"}],"wp:attachment":[{"href":"https:\/\/www.svzweckel.de\/index.php?rest_route=%2Fwp%2Fv2%2Fmedia&parent=6805"}],"wp:term":[{"taxonomy":"category","embeddable":true,"href":"https:\/\/www.svzweckel.de\/index.php?rest_route=%2Fwp%2Fv2%2Fcategories&post=6805"},{"taxonomy":"post_tag","embeddable":true,"href":"https:\/\/www.svzweckel.de\/index.php?rest_route=%2Fwp%2Fv2%2Ftags&post=6805"}],"curies":[{"name":"wp","href":"https:\/\/api.w.org\/{rel}","templated":true}]}}