{"id":6928,"date":"2016-11-08T18:24:04","date_gmt":"2016-11-08T17:24:04","guid":{"rendered":"http:\/\/www.svzweckel.de\/?p=6928"},"modified":"2016-11-08T18:25:46","modified_gmt":"2016-11-08T17:25:46","slug":"06-pleite-sv-zweckel-ii-verteilt-geschenke-waz-vom-07-11-2016","status":"publish","type":"post","link":"https:\/\/www.svzweckel.de\/?p=6928","title":{"rendered":"0:6-Pleite &#8211; SV Zweckel II verteilt Geschenke (WAZ vom 07.11.2016)"},"content":{"rendered":"<p class=\"abstract \">Der SV Zweckel II kassierte in der Kreisliga A1 eine 0:6-Packung gegen den VfB Kirchhellen. Der SVZ leistete sich viele Abwehrfehler.<\/p>\n<div class=\"content\">\n<p>Der VfB Kirchhellen, seines Zeichens Tabellendritter der Kreisliga A1, hatte keine allzu gro\u00dfe M\u00fche, um beim Kellerkind SV Zweckel II zu bestehen. Die Gastgeber verteilten in der ersten halben Stunde gro\u00dfz\u00fcgig gleich mehrere Geschenke. So fiel das Endergebnis deutlich aus, Kirchhellen gewann im K\u00e4fig mit 6:0 (4:0).<\/p>\n<p class=\"paarung\">SV Zweckel II &#8211; VfB Kirchhellen <span class=\"ergebnis\">0:6 (0:4)<\/span><\/p>\n<p class=\"statistik\"><strong>SV Zweckel II:<\/strong> Scheuplein, Dreiskemper, Crevatin (35. Schwanke), Dana, Yaman (68. Don Vizor), Ossman, Urbschat, Bahl (53. Er), Jungnickel, Rach, Yiyit.<\/p>\n<p class=\"statistik\"><strong>Tore: <\/strong>0:1 (9.), 0:2 (16.), 0:3 (21.), 0:4 (35.), 0:5 (68.), 0:6 (89.).<\/p>\n<p>Vom Start weg war zu sp\u00fcren, dass die Kirchhellener die Partie fr\u00fch entscheiden wollten. Die G\u00e4ste liefen die verunsicherten Zweckeler fr\u00fch an und erzwangen damit einfache Fehler. Gleich nach vier Minuten belohnte sich der VfB mit dem F\u00fchrungstreffer. Eine Direktabnahme von Dominik Selm, aktuell einer der besten Torj\u00e4ger der Liga, landete flach unten links im Netz. SVZ-Schlussmann Christian Scheuplein blieb nichts anderes \u00fcbrig, als dem Ball hinterherzuschauen.<\/p>\n<p>Und so ging es weiter: In der 13. Minute konnte Scheuplein einen Freisto\u00df nicht konsequent abwehren, Selm stand da, wo ein St\u00fcrmer stehen muss &#8211; 2:0.<\/p>\n<p>In der Offensive hatten die Zweckeler zwar immer wieder kleinere Gelegenheiten, aber ihren Kontern fehlte meist die letzte Durchschlagskraft, um die Kirchhellener ernsthaft in Bedr\u00e4ngnis zu bringen.<\/p>\n<h4 class=\"zwischenzeile\"><strong>Kirchhellen bestraft Fehler eiskalt<\/strong><\/h4>\n<p>22 Minuten waren gespielt, als es schon wieder rappelte. Abstimmungsprobleme in der schwarz-gr\u00fcnen Hintermannschaft und ein katastrophaler R\u00fcckpass waren Ausgangspunkte f\u00fcr das 0:3.<\/p>\n<p>Nur zw\u00f6lf Minuten sp\u00e4ter bedankten sich die Kirchhellener erneut: Diesmal leitete ein Ballverlust von Denis Crevatin den Gegentreffer ein. Jetzt reagierte SVZ-Coach Mike Groth auf die individuellen Patzer und wechselte aus. Das brachte sichtlich mehr Stabilit\u00e4t und Sicherheit. Mit dem dennoch deutlichen 0:4-R\u00fcckstand ging es in die Kabinen.<\/p>\n<p>Nach dem Seitenwechsel schalteten die G\u00e4ste den ber\u00fchmten Gang zur\u00fcck. Die Platzherren kamen im heimischen K\u00e4fig dadurch endlich etwas besser in die Partie. Auch die Defensive wirkte stabiler. Ungeachtet dessen lie\u00df Torj\u00e4ger Dominik Selm nach 68 Minuten noch einmal sein K\u00f6nnen aufblitzen. Sein Volleyschuss landete genau oben im Knick. Den Schlusspunkt setzte der Tabellendritte praktisch mit dem Schlusspfiff. Ein tiefer Ball hinter die Abwehrkette und ein trockener Abschluss besorgten den 6:0-Endstand.<\/p>\n<\/div>\n","protected":false},"excerpt":{"rendered":"<p>Der SV Zweckel II kassierte in der Kreisliga A1 eine 0:6-Packung gegen den VfB Kirchhellen. Der SVZ leistete sich viele Abwehrfehler. Der VfB Kirchhellen, seines Zeichens Tabellendritter der Kreisliga A1, hatte keine allzu gro\u00dfe M\u00fche, um beim Kellerkind SV Zweckel II zu bestehen. Die Gastgeber verteilten in der ersten halben Stunde gro\u00dfz\u00fcgig gleich mehrere Geschenke. [&hellip;]<\/p>\n","protected":false},"author":3,"featured_media":6930,"comment_status":"open","ping_status":"open","sticky":false,"template":"","format":"standard","meta":{"_jetpack_memberships_contains_paid_content":false,"footnotes":"","jetpack_publicize_message":"","jetpack_publicize_feature_enabled":true,"jetpack_social_post_already_shared":false,"jetpack_social_options":{"image_generator_settings":{"template":"highway","default_image_id":0,"font":"","enabled":false},"version":2}},"categories":[2],"tags":[],"class_list":["post-6928","post","type-post","status-publish","format-standard","has-post-thumbnail","hentry","category-1-mannschaft"],"jetpack_publicize_connections":[],"jetpack_featured_media_url":"https:\/\/i0.wp.com\/www.svzweckel.de\/wp-content\/uploads\/2016\/11\/picture-120997304.jpg?fit=616%2C225&ssl=1","jetpack_sharing_enabled":true,"_links":{"self":[{"href":"https:\/\/www.svzweckel.de\/index.php?rest_route=\/wp\/v2\/posts\/6928","targetHints":{"allow":["GET"]}}],"collection":[{"href":"https:\/\/www.svzweckel.de\/index.php?rest_route=\/wp\/v2\/posts"}],"about":[{"href":"https:\/\/www.svzweckel.de\/index.php?rest_route=\/wp\/v2\/types\/post"}],"author":[{"embeddable":true,"href":"https:\/\/www.svzweckel.de\/index.php?rest_route=\/wp\/v2\/users\/3"}],"replies":[{"embeddable":true,"href":"https:\/\/www.svzweckel.de\/index.php?rest_route=%2Fwp%2Fv2%2Fcomments&post=6928"}],"version-history":[{"count":0,"href":"https:\/\/www.svzweckel.de\/index.php?rest_route=\/wp\/v2\/posts\/6928\/revisions"}],"wp:featuredmedia":[{"embeddable":true,"href":"https:\/\/www.svzweckel.de\/index.php?rest_route=\/wp\/v2\/media\/6930"}],"wp:attachment":[{"href":"https:\/\/www.svzweckel.de\/index.php?rest_route=%2Fwp%2Fv2%2Fmedia&parent=6928"}],"wp:term":[{"taxonomy":"category","embeddable":true,"href":"https:\/\/www.svzweckel.de\/index.php?rest_route=%2Fwp%2Fv2%2Fcategories&post=6928"},{"taxonomy":"post_tag","embeddable":true,"href":"https:\/\/www.svzweckel.de\/index.php?rest_route=%2Fwp%2Fv2%2Ftags&post=6928"}],"curies":[{"name":"wp","href":"https:\/\/api.w.org\/{rel}","templated":true}]}}