{"id":6954,"date":"2016-11-11T11:21:14","date_gmt":"2016-11-11T10:21:14","guid":{"rendered":"http:\/\/www.svzweckel.de\/?p=6954"},"modified":"2016-11-11T11:27:58","modified_gmt":"2016-11-11T10:27:58","slug":"%e2%80%8bschicksalsspiel-in-heiden","status":"publish","type":"post","link":"https:\/\/www.svzweckel.de\/?p=6954","title":{"rendered":"\u200bSchicksalsspiel in Heiden?\u00a0"},"content":{"rendered":"<p>Sonntag, 13.11.16, 14:30 Uhr: Viktoria Heiden &#8211; SV Zweckel<\/p>\n<p>Am Sonntag wird m\u00f6glicherweise schon eine Vorentscheidung fallen. Der SV Zweckel ist seit vier Spielen ohne Punktgewinn und rangiert auf dem vorletzten Tabellenplatz der Westfalenliga. Nur der Gastgeber liegt hinter den Schwarz-Gr\u00fcnen und hat drei Punkte weniger auf dem Habenkonto.&nbsp;<br \/>\nMit einem Sieg k\u00f6nnte der SV Zweckel den Abstand nach vorne verk\u00fcrzen. Bei einer Niederlage w\u00fcrden die Heidener mit dem SV Zweckel gleichziehen. Bei dieser Rechnung bleibt die Entscheidung \u00fcber die Beschwerde gegen die Spielwertung des Staffelleiters im Spiel bei Victoria Clarholz immer noch unber\u00fccksichtigt.&nbsp;<\/p>\n<p>Am Sonntag muss der SV Zweckel liefern, ansonsten brechen schwere Zeiten auf die Elf von G\u00fcnter Appelt ein.&nbsp;<\/p>\n<p>Die Heidener sind seit f\u00fcnf Spieltagen ohne Punktgewinn. Davor spielten sie zu Hause gegen Roxel unentschieden und gewannen mit 1:6 in Westernkotten. F\u00fcr beide Mannschaften ist dieses Spiel also von entscheidender Bedeutung. Sollte der Gastgeber nicht gewinnen, d\u00fcrfte der Abstand zum rettenden Ufer so gro\u00df sein, dass eine Rettung kaum in Sicht kommen k\u00f6nnte.&nbsp;<\/p>\n<p>Der SV Zweckel hat in der vergangenen Saison eine \u00e4hnliche Erfahrung gemacht. Mit gerade einmal 7 Punkten aus der Hinserie gingen die Schwarz-Gr\u00fcnen in die R\u00fcckserie. Dort holten sie immerhin 21 Punkte, was allerdings auch nicht zum Klassenerhalt reichte.<\/p>\n<p>Im letzten Spiel gegen Spexard kassierten die Zweckeler ein ungl\u00fcckliches Tor und lie\u00dfen keine Torchancen der G\u00e4ste zu. Auf der anderen Seite boten sich allerdings auch nur drei Torchancen, die aber unter dem Begriff 100prozentig nicht verwertet werden konnten. Daran hat die Mannschaft in den letzten Trainingseinheiten gearbeitet. Hoffentlich holen sich die Zweckeler mal wieder ein Erfolgserlebnis und bekommen dadurch den Kopf frei.<\/p>\n","protected":false},"excerpt":{"rendered":"<p>Sonntag, 13.11.16, 14:30 Uhr: Viktoria Heiden &#8211; SV Zweckel Am Sonntag wird m\u00f6glicherweise schon eine Vorentscheidung fallen. Der SV Zweckel ist seit vier Spielen ohne Punktgewinn und rangiert auf dem vorletzten Tabellenplatz der Westfalenliga. Nur der Gastgeber liegt hinter den Schwarz-Gr\u00fcnen und hat drei Punkte weniger auf dem Habenkonto.&nbsp; Mit einem Sieg k\u00f6nnte der SV [&hellip;]<\/p>\n","protected":false},"author":3,"featured_media":6953,"comment_status":"open","ping_status":"open","sticky":false,"template":"","format":"standard","meta":{"_jetpack_memberships_contains_paid_content":false,"footnotes":"","jetpack_publicize_message":"","jetpack_publicize_feature_enabled":true,"jetpack_social_post_already_shared":false,"jetpack_social_options":{"image_generator_settings":{"template":"highway","default_image_id":0,"font":"","enabled":false},"version":2}},"categories":[2],"tags":[],"class_list":["post-6954","post","type-post","status-publish","format-standard","has-post-thumbnail","hentry","category-1-mannschaft"],"jetpack_publicize_connections":[],"jetpack_featured_media_url":"https:\/\/i0.wp.com\/www.svzweckel.de\/wp-content\/uploads\/2016\/11\/wp-image-1765602123jpg.jpg?fit=800%2C600&ssl=1","jetpack_sharing_enabled":true,"_links":{"self":[{"href":"https:\/\/www.svzweckel.de\/index.php?rest_route=\/wp\/v2\/posts\/6954","targetHints":{"allow":["GET"]}}],"collection":[{"href":"https:\/\/www.svzweckel.de\/index.php?rest_route=\/wp\/v2\/posts"}],"about":[{"href":"https:\/\/www.svzweckel.de\/index.php?rest_route=\/wp\/v2\/types\/post"}],"author":[{"embeddable":true,"href":"https:\/\/www.svzweckel.de\/index.php?rest_route=\/wp\/v2\/users\/3"}],"replies":[{"embeddable":true,"href":"https:\/\/www.svzweckel.de\/index.php?rest_route=%2Fwp%2Fv2%2Fcomments&post=6954"}],"version-history":[{"count":0,"href":"https:\/\/www.svzweckel.de\/index.php?rest_route=\/wp\/v2\/posts\/6954\/revisions"}],"wp:featuredmedia":[{"embeddable":true,"href":"https:\/\/www.svzweckel.de\/index.php?rest_route=\/wp\/v2\/media\/6953"}],"wp:attachment":[{"href":"https:\/\/www.svzweckel.de\/index.php?rest_route=%2Fwp%2Fv2%2Fmedia&parent=6954"}],"wp:term":[{"taxonomy":"category","embeddable":true,"href":"https:\/\/www.svzweckel.de\/index.php?rest_route=%2Fwp%2Fv2%2Fcategories&post=6954"},{"taxonomy":"post_tag","embeddable":true,"href":"https:\/\/www.svzweckel.de\/index.php?rest_route=%2Fwp%2Fv2%2Ftags&post=6954"}],"curies":[{"name":"wp","href":"https:\/\/api.w.org\/{rel}","templated":true}]}}