{"id":6957,"date":"2016-11-11T11:46:56","date_gmt":"2016-11-11T10:46:56","guid":{"rendered":"http:\/\/www.svzweckel.de\/?p=6957"},"modified":"2016-11-11T11:48:42","modified_gmt":"2016-11-11T10:48:42","slug":"schicksalsspiel-auch-fuer-die-reserve","status":"publish","type":"post","link":"https:\/\/www.svzweckel.de\/?p=6957","title":{"rendered":"Schicksalsspiel auch f\u00fcr die Reserve?\u00a0"},"content":{"rendered":"<p>Sonntag, 13.11.16, 14:30 Uhr: VfL Grafenwald &#8211; SV Zweckel II<\/p>\n<p>Am Sonntag wird auch in Grafenwald m\u00f6glicherweise eine Vorentscheidung fallen. Die Reserve des SV Zweckel hatte nach dem ersten Saisonsieg bei YEG Hassel etwas Morgenluft gewittert, musste jedoch schon im n\u00e4chsten Heimspiel gegen den VfB Kirchhellen erkennen, dass die guten Kreisligamannschaften im Moment eine Nummer zu gro\u00df sind.&nbsp;<\/p>\n<p>In Grafenwald werden die Karten neu gemischt. Mit gerade einmal acht Punkten rangieren die W\u00f6ller auf dem 13. Tabellenplatz und d\u00fcrfen sich gegen den SV Zweckel keinen Ausrutscher leisten. Denn dieser k\u00e4me mit einem Sieg auf einen Punkt an Grafenwald heran und w\u00fcrde f\u00fcr die R\u00fcckserie noch einmal einen Motivationsschub bekommen.&nbsp;<\/p>\n<p>F\u00fcr Mike Groth wird es wichtig sein, die Defensive zu st\u00e4rken und zu verhindern, dass eventuelle Gegentore so schnell wie im Spiel gegen Kirchhellen fallen. In diesem Spiel machte die Innenverteidigung alles andere als einen stabilen Eindruck.&nbsp;<\/p>\n<p>Trotzdem fahren die Zweckeler nicht chancenlos zum Sensenfeld, denn die W\u00f6ller haben in dieser Saison auch noch keine B\u00e4ume ausgerissen. Seit zwei Spieltagen ist der Gastgeber ohne Niederlage, denn von Middelich-Resse und Schwarz-Blau trennte man sich unentschieden.&nbsp;<\/p>\n<p>Der letzte Sieg datiert auf den 16.10. mit einem 3:1-Sieg gegen Firtinaspor II.<\/p>\n","protected":false},"excerpt":{"rendered":"<p>Sonntag, 13.11.16, 14:30 Uhr: VfL Grafenwald &#8211; SV Zweckel II Am Sonntag wird auch in Grafenwald m\u00f6glicherweise eine Vorentscheidung fallen. Die Reserve des SV Zweckel hatte nach dem ersten Saisonsieg bei YEG Hassel etwas Morgenluft gewittert, musste jedoch schon im n\u00e4chsten Heimspiel gegen den VfB Kirchhellen erkennen, dass die guten Kreisligamannschaften im Moment eine Nummer [&hellip;]<\/p>\n","protected":false},"author":3,"featured_media":6959,"comment_status":"open","ping_status":"open","sticky":false,"template":"","format":"standard","meta":{"_jetpack_memberships_contains_paid_content":false,"footnotes":"","jetpack_publicize_message":"","jetpack_publicize_feature_enabled":true,"jetpack_social_post_already_shared":false,"jetpack_social_options":{"image_generator_settings":{"template":"highway","default_image_id":0,"font":"","enabled":false},"version":2}},"categories":[2],"tags":[],"class_list":["post-6957","post","type-post","status-publish","format-standard","has-post-thumbnail","hentry","category-1-mannschaft"],"jetpack_publicize_connections":[],"jetpack_featured_media_url":"https:\/\/i0.wp.com\/www.svzweckel.de\/wp-content\/uploads\/2016\/11\/wp-image-1315676992jpg.jpg?fit=800%2C600&ssl=1","jetpack_sharing_enabled":true,"_links":{"self":[{"href":"https:\/\/www.svzweckel.de\/index.php?rest_route=\/wp\/v2\/posts\/6957","targetHints":{"allow":["GET"]}}],"collection":[{"href":"https:\/\/www.svzweckel.de\/index.php?rest_route=\/wp\/v2\/posts"}],"about":[{"href":"https:\/\/www.svzweckel.de\/index.php?rest_route=\/wp\/v2\/types\/post"}],"author":[{"embeddable":true,"href":"https:\/\/www.svzweckel.de\/index.php?rest_route=\/wp\/v2\/users\/3"}],"replies":[{"embeddable":true,"href":"https:\/\/www.svzweckel.de\/index.php?rest_route=%2Fwp%2Fv2%2Fcomments&post=6957"}],"version-history":[{"count":0,"href":"https:\/\/www.svzweckel.de\/index.php?rest_route=\/wp\/v2\/posts\/6957\/revisions"}],"wp:featuredmedia":[{"embeddable":true,"href":"https:\/\/www.svzweckel.de\/index.php?rest_route=\/wp\/v2\/media\/6959"}],"wp:attachment":[{"href":"https:\/\/www.svzweckel.de\/index.php?rest_route=%2Fwp%2Fv2%2Fmedia&parent=6957"}],"wp:term":[{"taxonomy":"category","embeddable":true,"href":"https:\/\/www.svzweckel.de\/index.php?rest_route=%2Fwp%2Fv2%2Fcategories&post=6957"},{"taxonomy":"post_tag","embeddable":true,"href":"https:\/\/www.svzweckel.de\/index.php?rest_route=%2Fwp%2Fv2%2Ftags&post=6957"}],"curies":[{"name":"wp","href":"https:\/\/api.w.org\/{rel}","templated":true}]}}