{"id":7012,"date":"2016-11-14T16:11:17","date_gmt":"2016-11-14T15:11:17","guid":{"rendered":"http:\/\/www.svzweckel.de\/?p=7012"},"modified":"2016-11-17T16:19:14","modified_gmt":"2016-11-17T15:19:14","slug":"a-junioren-stehen-im-kreispokalfinale","status":"publish","type":"post","link":"https:\/\/www.svzweckel.de\/?p=7012","title":{"rendered":"A-Junioren stehen im Kreispokalfinale!"},"content":{"rendered":"<h5 class=\"ox-768ad6e80a-MsoNormal\"><b><u>Kreispokal-Halbfinale 2016\/17<\/u><\/b><\/h5>\n<h5><span style=\"color: #008000;\"><strong>SV Zweckel &#8211; F.S.M. Gladbeck 3:0 (2:0)<\/strong><\/span><\/h5>\n<p>&nbsp;<\/p>\n<p>Am vergangenen Samstag wurde das Halbfinale im Kreispokal ausgespielt und mit der Mannschaft von F.S.M. Gladbeck kam auch der erwartete schwere Gegner.<\/p>\n<p>Die Gr\u00fcnhemden zeigten von Beginn an ein konzentriertes Spiel und so konnte die erste Torchance, in der 12. Minute, genutzt werden.<br \/>\nNach einer tollen Vorarbeit von Jakob Pleiss, brachte Pascalis Terzis den Ball ins Netz.<br \/>\nNur 11 Minuten sp\u00e4ter zog Tom Heng mit links ab und der Ball schlug im Kasten vom Gegner ein.<\/p>\n<p>Nicht nur die beiden fr\u00fchen Treffer sorgten daf\u00fcr, das die Gr\u00fcnhemden noch mehr Sicherheit bekamen,<br \/>\nso wurde kurz vor der Pause der Anschlusstreffer erst durch den Pfosten und dann die hellwache Abwehr verhindert.<br \/>\nIn der zweiten H\u00e4lfte verteidigten die Zweckeler Jungs die F\u00fchrung.<br \/>\nLediglich einmal konnte sich die Mannschaft des F.S.M \u00fcber die linke Seite durchspielen und eine Querpass am zweiten Pfosten landen.<br \/>\nDie starke Leistung des Torwarts Dario Schierenberg hielt aber die Null.<br \/>\nIn der 70. Min erzielte Calvin Tix per Kopf das 3:0 und somit war der Einzug ins Finale sicher.<\/p>\n<p>Die Mannschaft und das Trainertaem sagen Danke f\u00fcr die gro\u00dfartige Unterst\u00fctzung am Spielfeldrand.<\/p>\n<p>&nbsp;<\/p>\n<p><img data-recalc-dims=\"1\" loading=\"lazy\" decoding=\"async\" class=\"aligncenter wp-image-7014 size-medium\" src=\"https:\/\/i0.wp.com\/www.svzweckel.de\/wp-content\/uploads\/2016\/11\/P1020229.jpg?resize=300%2C225&#038;ssl=1\" alt=\"A-Jugend\" width=\"300\" height=\"225\" srcset=\"https:\/\/i0.wp.com\/www.svzweckel.de\/wp-content\/uploads\/2016\/11\/P1020229.jpg?resize=300%2C225&amp;ssl=1 300w, https:\/\/i0.wp.com\/www.svzweckel.de\/wp-content\/uploads\/2016\/11\/P1020229.jpg?resize=768%2C576&amp;ssl=1 768w, https:\/\/i0.wp.com\/www.svzweckel.de\/wp-content\/uploads\/2016\/11\/P1020229.jpg?w=1024&amp;ssl=1 1024w, https:\/\/i0.wp.com\/www.svzweckel.de\/wp-content\/uploads\/2016\/11\/P1020229.jpg?resize=150%2C113&amp;ssl=1 150w, https:\/\/i0.wp.com\/www.svzweckel.de\/wp-content\/uploads\/2016\/11\/P1020229.jpg?resize=100%2C75&amp;ssl=1 100w, https:\/\/i0.wp.com\/www.svzweckel.de\/wp-content\/uploads\/2016\/11\/P1020229.jpg?resize=50%2C38&amp;ssl=1 50w, https:\/\/i0.wp.com\/www.svzweckel.de\/wp-content\/uploads\/2016\/11\/P1020229.jpg?resize=25%2C19&amp;ssl=1 25w, https:\/\/i0.wp.com\/www.svzweckel.de\/wp-content\/uploads\/2016\/11\/P1020229.jpg?resize=427%2C320&amp;ssl=1 427w, https:\/\/i0.wp.com\/www.svzweckel.de\/wp-content\/uploads\/2016\/11\/P1020229.jpg?resize=160%2C120&amp;ssl=1 160w\" sizes=\"auto, (max-width: 300px) 100vw, 300px\" \/><\/p>\n<p>&nbsp;<\/p>\n<p>&nbsp;<\/p>\n<p>&nbsp;<\/p>\n","protected":false},"excerpt":{"rendered":"<p>Kreispokal-Halbfinale 2016\/17 SV Zweckel &#8211; F.S.M. Gladbeck 3:0 (2:0) &nbsp; Am vergangenen Samstag wurde das Halbfinale im Kreispokal ausgespielt und mit der Mannschaft von F.S.M. Gladbeck kam auch der erwartete schwere Gegner. Die Gr\u00fcnhemden zeigten von Beginn an ein konzentriertes Spiel und so konnte die erste Torchance, in der 12. Minute, genutzt werden. Nach einer [&hellip;]<\/p>\n","protected":false},"author":3,"featured_media":7013,"comment_status":"open","ping_status":"open","sticky":false,"template":"","format":"standard","meta":{"_jetpack_memberships_contains_paid_content":false,"footnotes":"","jetpack_publicize_message":"","jetpack_publicize_feature_enabled":true,"jetpack_social_post_already_shared":false,"jetpack_social_options":{"image_generator_settings":{"template":"highway","default_image_id":0,"font":"","enabled":false},"version":2}},"categories":[26,10],"tags":[],"class_list":["post-7012","post","type-post","status-publish","format-standard","has-post-thumbnail","hentry","category-a-junioren","category-nachwuchs"],"jetpack_publicize_connections":[],"jetpack_featured_media_url":"https:\/\/i0.wp.com\/www.svzweckel.de\/wp-content\/uploads\/2016\/11\/P1020173.jpg?fit=1024%2C768&ssl=1","jetpack_sharing_enabled":true,"_links":{"self":[{"href":"https:\/\/www.svzweckel.de\/index.php?rest_route=\/wp\/v2\/posts\/7012","targetHints":{"allow":["GET"]}}],"collection":[{"href":"https:\/\/www.svzweckel.de\/index.php?rest_route=\/wp\/v2\/posts"}],"about":[{"href":"https:\/\/www.svzweckel.de\/index.php?rest_route=\/wp\/v2\/types\/post"}],"author":[{"embeddable":true,"href":"https:\/\/www.svzweckel.de\/index.php?rest_route=\/wp\/v2\/users\/3"}],"replies":[{"embeddable":true,"href":"https:\/\/www.svzweckel.de\/index.php?rest_route=%2Fwp%2Fv2%2Fcomments&post=7012"}],"version-history":[{"count":0,"href":"https:\/\/www.svzweckel.de\/index.php?rest_route=\/wp\/v2\/posts\/7012\/revisions"}],"wp:featuredmedia":[{"embeddable":true,"href":"https:\/\/www.svzweckel.de\/index.php?rest_route=\/wp\/v2\/media\/7013"}],"wp:attachment":[{"href":"https:\/\/www.svzweckel.de\/index.php?rest_route=%2Fwp%2Fv2%2Fmedia&parent=7012"}],"wp:term":[{"taxonomy":"category","embeddable":true,"href":"https:\/\/www.svzweckel.de\/index.php?rest_route=%2Fwp%2Fv2%2Fcategories&post=7012"},{"taxonomy":"post_tag","embeddable":true,"href":"https:\/\/www.svzweckel.de\/index.php?rest_route=%2Fwp%2Fv2%2Ftags&post=7012"}],"curies":[{"name":"wp","href":"https:\/\/api.w.org\/{rel}","templated":true}]}}