{"id":7117,"date":"2016-11-26T23:18:09","date_gmt":"2016-11-26T22:18:09","guid":{"rendered":"http:\/\/www.svzweckel.de\/?p=7117"},"modified":"2016-11-26T23:35:07","modified_gmt":"2016-11-26T22:35:07","slug":"zweckel-verlaesst-erstmals-den-letzten-tabellenplatz","status":"publish","type":"post","link":"https:\/\/www.svzweckel.de\/?p=7117","title":{"rendered":"Zweckel verl\u00e4sst erstmals den letzten Tabellenplatz"},"content":{"rendered":"<p>SV Zweckel II \u2013 BV Rentfort II 5:3 (2:2)<\/p>\n<p>Das war kein Spiel f\u00fcr schwache Nerven. Beide Mannschaften zieren das Tabellenende und wollten auf keinen Fall verlieren. Der Gast aus Rentfort h\u00e4tte sich mit einem Sieg vom Tabellenletzten absetzen k\u00f6nnen und sechs Punkte Vorsprung erarbeiten k\u00f6nnen. F\u00fcr die Schwarz-Gr\u00fcnen stand somit viel auf dem Spiel, zumal sie mit einem Sieg im Derby an den G\u00e4sten vorbeiziehen konnten.<\/p>\n<p>Der SV Zweckel begann gut und ging in der 11. Minute in F\u00fchrung. Vladimir Schwanke versenkte einen Elfmeter in die Rentforter Maschen. Okan Yaman besorgte in der 25. Minute das 2:0, welches dem Gastgeber keine Sicherheit brachte, denn die Rentforter glichen innerhalb von drei Minuten aus. Nach 30 Minuten stand es bereits 2:2. Der SV Zweckel war personell arg gebeutelt, so dass auch Mike Rach, ein etatm\u00e4\u00dfiger Feldspieler, das Tor h\u00fcten musste. Er machte seine Sache aber so gut, dass er zwar dreimal hinter sich greifen musste, was letztendlich aber trotzdem zum Sieg reichen sollt.<\/p>\n<p>In der 47. Minute traf Okan Yaman zum zweiten Mal und brachte die Zweckeler wieder in F\u00fchrung, doch die Rentforter konnten nur neun Minuten sp\u00e4ter wiederum ausgleichen. Die Partie wurde nun intensiver gef\u00fchrt, da beide Mannschaften den Sieg wollten. In der 67. Minute landete eine Ecke beim dem am langen Pfosten stehenden Tobias Urbschat, der in aller Seelenruhe den Ball annahm und zum 4:3 einschob. In der 80. Minute bekam der SV Zweckel einen Freisto\u00df zugesprochen und Trainer Mike Groth forderte den eingewechselten Marcel Capek auf, diesen direkt aufs Tor zu schie\u00dfen. Dieser lie\u00df sich nicht lange bitte und versenkte den Ball aus gut 25 Metern oben rechts im Knick. Das war die Entscheidung.<\/p>\n<p>Nach dem Schlusspfiff war der Jubel gro\u00df, denn mit diesem Sieg verlie\u00df die Reserve erstmalig den letzten Tabellenplatz. Weiter so!<\/p>\n","protected":false},"excerpt":{"rendered":"<p>SV Zweckel II \u2013 BV Rentfort II 5:3 (2:2) Das war kein Spiel f\u00fcr schwache Nerven. Beide Mannschaften zieren das Tabellenende und wollten auf keinen Fall verlieren. Der Gast aus Rentfort h\u00e4tte sich mit einem Sieg vom Tabellenletzten absetzen k\u00f6nnen und sechs Punkte Vorsprung erarbeiten k\u00f6nnen. F\u00fcr die Schwarz-Gr\u00fcnen stand somit viel auf dem Spiel, [&hellip;]<\/p>\n","protected":false},"author":3,"featured_media":7119,"comment_status":"open","ping_status":"open","sticky":false,"template":"","format":"standard","meta":{"_jetpack_memberships_contains_paid_content":false,"footnotes":"","jetpack_publicize_message":"","jetpack_publicize_feature_enabled":true,"jetpack_social_post_already_shared":false,"jetpack_social_options":{"image_generator_settings":{"template":"highway","default_image_id":0,"font":"","enabled":false},"version":2}},"categories":[20],"tags":[],"class_list":["post-7117","post","type-post","status-publish","format-standard","has-post-thumbnail","hentry","category-2-mannschaft"],"jetpack_publicize_connections":[],"jetpack_featured_media_url":"https:\/\/i0.wp.com\/www.svzweckel.de\/wp-content\/uploads\/2016\/11\/IMG-20161126-WA0002.jpg?fit=1024%2C768&ssl=1","jetpack_sharing_enabled":true,"_links":{"self":[{"href":"https:\/\/www.svzweckel.de\/index.php?rest_route=\/wp\/v2\/posts\/7117","targetHints":{"allow":["GET"]}}],"collection":[{"href":"https:\/\/www.svzweckel.de\/index.php?rest_route=\/wp\/v2\/posts"}],"about":[{"href":"https:\/\/www.svzweckel.de\/index.php?rest_route=\/wp\/v2\/types\/post"}],"author":[{"embeddable":true,"href":"https:\/\/www.svzweckel.de\/index.php?rest_route=\/wp\/v2\/users\/3"}],"replies":[{"embeddable":true,"href":"https:\/\/www.svzweckel.de\/index.php?rest_route=%2Fwp%2Fv2%2Fcomments&post=7117"}],"version-history":[{"count":0,"href":"https:\/\/www.svzweckel.de\/index.php?rest_route=\/wp\/v2\/posts\/7117\/revisions"}],"wp:featuredmedia":[{"embeddable":true,"href":"https:\/\/www.svzweckel.de\/index.php?rest_route=\/wp\/v2\/media\/7119"}],"wp:attachment":[{"href":"https:\/\/www.svzweckel.de\/index.php?rest_route=%2Fwp%2Fv2%2Fmedia&parent=7117"}],"wp:term":[{"taxonomy":"category","embeddable":true,"href":"https:\/\/www.svzweckel.de\/index.php?rest_route=%2Fwp%2Fv2%2Fcategories&post=7117"},{"taxonomy":"post_tag","embeddable":true,"href":"https:\/\/www.svzweckel.de\/index.php?rest_route=%2Fwp%2Fv2%2Ftags&post=7117"}],"curies":[{"name":"wp","href":"https:\/\/api.w.org\/{rel}","templated":true}]}}