{"id":7195,"date":"2016-12-03T23:52:02","date_gmt":"2016-12-03T22:52:02","guid":{"rendered":"http:\/\/www.svzweckel.de\/?p=7195"},"modified":"2016-12-03T23:54:30","modified_gmt":"2016-12-03T22:54:30","slug":"ueberraschender-sieg-der-reserve-gegen-den-tabellenvierten","status":"publish","type":"post","link":"https:\/\/www.svzweckel.de\/?p=7195","title":{"rendered":"\u00dcberraschender Sieg der Reserve gegen den Tabellenvierten"},"content":{"rendered":"<p>Nach dem letzten Sieg gegen den BV Rentfort durften die Zweckeler im ersten R\u00fcckrundenspiel am Samstagnachmittag gegen Eintracht Erle ran. Mit 31 Punkten wiesen die Erler immerhin 23 Punkte mehr auf als der SV Zweckel und rangierten auf dem vierten Tabellenplatz.<\/p>\n<p>Vor dem Spiel hatte Trainer Mike Groth ge\u00e4u\u00dfert, dass er einen Punktgewinn anstrebt. Dass es aber am Ende des Tages derer drei wurden, wir ihn umso mehr gefreut haben. Mit Torwart Christian Scheuplein, Henrico van der Velden und Enes Yiyit standen wieder drei Spieler zur Verf\u00fcgung, die am letzten Samstag noch nicht in der Aufstellung standen. Daf\u00fcr musste Benjamin Flohr verletzungsbedingt passen.<\/p>\n<p>Die Zweckeler standen im gesamten Spiel gut in der Abwehr und versuchten h\u00e4ufig mit langen B\u00e4llen den Gegner unter Druck zu setzen. In der ersten Halbzeit war das Spiel relativ ausgeglichen. Beide Mannschaften konnten sich kaum Torchancen erarbeiten, da beide Abwehrreihen gute Arbeit verrichteten. In der zweiten Halbzeit wurde das Spiel noch intensiver gef\u00fchrt und stand auf Messers Schneide. In der 75. Minute musste ein Erler Spieler nach wiederholtem Foulspiel mit gelb-rot vom Platz. Der Gastgeber konnte die \u00dcberzahl nur kurze Zeit sp\u00e4ter nutzen und ging mit 1:0 in F\u00fchrung. Wladimir Schwanke setzte nach einer Ecke nach, der Ball kam zu Enes Yiyit, der einen Gegenspieler umkurvte und aus kurzer Distanz einschoss.<\/p>\n<p>Trotz Unterzahl erh\u00f6hten die G\u00e4ste den Druck, konnten sich jedoch kaum entscheidend durchsetzen. In der hektischen Endphase verlor auch der gute Schiedsrichter Eric Timmer kurz den \u00dcberblick, denn er gab f\u00e4lschlicherweise Benoit Gbenou die gelb-rote Karte, die eigentlich dem eingewechselten Silvio Don Vizor pr\u00e4sentiert werden sollte. Das \u00e4nderte am Spielstand jedoch nichts mehr, denn nach 94 Minuten war Schluss und der Jubel gro\u00df.<\/p>\n","protected":false},"excerpt":{"rendered":"<p>Nach dem letzten Sieg gegen den BV Rentfort durften die Zweckeler im ersten R\u00fcckrundenspiel am Samstagnachmittag gegen Eintracht Erle ran. Mit 31 Punkten wiesen die Erler immerhin 23 Punkte mehr auf als der SV Zweckel und rangierten auf dem vierten Tabellenplatz. Vor dem Spiel hatte Trainer Mike Groth ge\u00e4u\u00dfert, dass er einen Punktgewinn anstrebt. Dass [&hellip;]<\/p>\n","protected":false},"author":3,"featured_media":7198,"comment_status":"open","ping_status":"open","sticky":false,"template":"","format":"standard","meta":{"_jetpack_memberships_contains_paid_content":false,"footnotes":"","jetpack_publicize_message":"","jetpack_publicize_feature_enabled":true,"jetpack_social_post_already_shared":false,"jetpack_social_options":{"image_generator_settings":{"template":"highway","default_image_id":0,"font":"","enabled":false},"version":2}},"categories":[20],"tags":[],"class_list":["post-7195","post","type-post","status-publish","format-standard","has-post-thumbnail","hentry","category-2-mannschaft"],"jetpack_publicize_connections":[],"jetpack_featured_media_url":"https:\/\/i0.wp.com\/www.svzweckel.de\/wp-content\/uploads\/2016\/12\/2016-12-03-18.15.57.jpg?fit=1024%2C768&ssl=1","jetpack_sharing_enabled":true,"_links":{"self":[{"href":"https:\/\/www.svzweckel.de\/index.php?rest_route=\/wp\/v2\/posts\/7195","targetHints":{"allow":["GET"]}}],"collection":[{"href":"https:\/\/www.svzweckel.de\/index.php?rest_route=\/wp\/v2\/posts"}],"about":[{"href":"https:\/\/www.svzweckel.de\/index.php?rest_route=\/wp\/v2\/types\/post"}],"author":[{"embeddable":true,"href":"https:\/\/www.svzweckel.de\/index.php?rest_route=\/wp\/v2\/users\/3"}],"replies":[{"embeddable":true,"href":"https:\/\/www.svzweckel.de\/index.php?rest_route=%2Fwp%2Fv2%2Fcomments&post=7195"}],"version-history":[{"count":0,"href":"https:\/\/www.svzweckel.de\/index.php?rest_route=\/wp\/v2\/posts\/7195\/revisions"}],"wp:featuredmedia":[{"embeddable":true,"href":"https:\/\/www.svzweckel.de\/index.php?rest_route=\/wp\/v2\/media\/7198"}],"wp:attachment":[{"href":"https:\/\/www.svzweckel.de\/index.php?rest_route=%2Fwp%2Fv2%2Fmedia&parent=7195"}],"wp:term":[{"taxonomy":"category","embeddable":true,"href":"https:\/\/www.svzweckel.de\/index.php?rest_route=%2Fwp%2Fv2%2Fcategories&post=7195"},{"taxonomy":"post_tag","embeddable":true,"href":"https:\/\/www.svzweckel.de\/index.php?rest_route=%2Fwp%2Fv2%2Ftags&post=7195"}],"curies":[{"name":"wp","href":"https:\/\/api.w.org\/{rel}","templated":true}]}}