{"id":7400,"date":"2016-12-18T19:55:10","date_gmt":"2016-12-18T18:55:10","guid":{"rendered":"http:\/\/www.svzweckel.de\/?p=7400"},"modified":"2016-12-18T19:56:35","modified_gmt":"2016-12-18T18:56:35","slug":"e1-siegt-beim-turnier-des-fc-96-recklinghausen","status":"publish","type":"post","link":"https:\/\/www.svzweckel.de\/?p=7400","title":{"rendered":"E1 siegt beim Turnier des FC 96 Recklinghausen"},"content":{"rendered":"<h5><\/h5>\n<p>Nach dem unsere E1 in der letzten Woche Herbstmeister geworden ist, stand heute das erste Hallenturnier der laufenden Saison an.<br \/>\nDazu f\u00fchrte sie der Weg zum FC 96 nach Recklinghausen.<\/p>\n<p>Die Gr\u00fcnhemden kamen sehr gut ins Spiel und lie\u00dfen den Ball sehr gut laufen.<br \/>\nIn der Defensive zeigte man eine sehr aufmerksame Leistung und lie\u00df kein Gegentor zu.<br \/>\nAm Ende belohnte sich die Mannschaft v\u00f6llig verdient mit dem Turniersieg.<\/p>\n<p><em>Ergebnisse Gruppenphase:<\/em><br \/>\nSV Zweckel \u2013 TSG D\u00fclmen\u00a0\u00a0\u00a0\u00a0\u00a0\u00a0\u00a0\u00a0\u00a0\u00a0\u00a0\u00a0\u00a0\u00a0 \u00a0\u00a0 2:0<br \/>\nSV Zweckel \u2013 TuS Sythen\u00a0\u00a0\u00a0\u00a0\u00a0\u00a0\u00a0\u00a0\u00a0\u00a0\u00a0\u00a0\u00a0\u00a0\u00a0\u00a0\u00a0\u00a0\u00a0 2:0<br \/>\nSV Zweckel \u2013 Westfalia Herne3\u00a0\u00a0\u00a0\u00a0\u00a0\u00a0\u00a0\u00a0\u00a0\u00a0\u00a0 2:0<\/p>\n<p><em>Ergebnisse Zwischenrunde:<\/em><br \/>\nSV Zweckel \u2013 FC 96 Recklinghausen\u00a0\u00a0\u00a0\u00a0\u00a0\u00a0\u00a0\u00a0\u00a0\u00a0 2:0<br \/>\nSV Zweckel \u2013 Westfalia Herne4\u00a0\u00a0\u00a0\u00a0\u00a0\u00a0\u00a0 \u00a0 \u00a0 \u00a0 \u00a0 \u00a0\u00a0 2:0<\/p>\n<p><em>Finale:<\/em><br \/>\nSV Zweckel \u2013 Westfalia Herne3\u00a0\u00a0\u00a0\u00a0\u00a0\u00a0\u00a0\u00a0\u00a0\u00a0\u00a0\u00a0\u00a0\u00a0\u00a0\u00a0\u00a0\u00a0 3:0<\/p>\n<p><img data-recalc-dims=\"1\" loading=\"lazy\" decoding=\"async\" class=\"aligncenter wp-image-7397 \" src=\"https:\/\/i0.wp.com\/www.svzweckel.de\/wp-content\/uploads\/2014\/08\/image1-1.jpeg?resize=514%2C290&#038;ssl=1\" sizes=\"auto, (max-width: 640px) 100vw, 640px\" srcset=\"https:\/\/www.svzweckel.de\/wp-content\/uploads\/2014\/08\/image1-1.jpeg 1024w, https:\/\/www.svzweckel.de\/wp-content\/uploads\/2014\/08\/image1-1-300x169.jpeg 300w, https:\/\/www.svzweckel.de\/wp-content\/uploads\/2014\/08\/image1-1-768x432.jpeg 768w, https:\/\/www.svzweckel.de\/wp-content\/uploads\/2014\/08\/image1-1-640x360.jpeg 640w, https:\/\/www.svzweckel.de\/wp-content\/uploads\/2014\/08\/image1-1-150x84.jpeg 150w, https:\/\/www.svzweckel.de\/wp-content\/uploads\/2014\/08\/image1-1-100x56.jpeg 100w, https:\/\/www.svzweckel.de\/wp-content\/uploads\/2014\/08\/image1-1-50x28.jpeg 50w, https:\/\/www.svzweckel.de\/wp-content\/uploads\/2014\/08\/image1-1-25x14.jpeg 25w, https:\/\/www.svzweckel.de\/wp-content\/uploads\/2014\/08\/image1-1-569x320.jpeg 569w, https:\/\/www.svzweckel.de\/wp-content\/uploads\/2014\/08\/image1-1-160x90.jpeg 160w\" width=\"514\" height=\"290\" \/><\/p>\n<p>&nbsp;<\/p>\n<p>Herzlichen Gl\u00fcckwunsch.<\/p>\n<p>&nbsp;<\/p>\n<p>&nbsp;<\/p>\n","protected":false},"excerpt":{"rendered":"<p>Nach dem unsere E1 in der letzten Woche Herbstmeister geworden ist, stand heute das erste Hallenturnier der laufenden Saison an. Dazu f\u00fchrte sie der Weg zum FC 96 nach Recklinghausen. Die Gr\u00fcnhemden kamen sehr gut ins Spiel und lie\u00dfen den Ball sehr gut laufen. In der Defensive zeigte man eine sehr aufmerksame Leistung und lie\u00df [&hellip;]<\/p>\n","protected":false},"author":3,"featured_media":7398,"comment_status":"open","ping_status":"open","sticky":false,"template":"","format":"standard","meta":{"_jetpack_memberships_contains_paid_content":false,"footnotes":"","jetpack_publicize_message":"","jetpack_publicize_feature_enabled":true,"jetpack_social_post_already_shared":false,"jetpack_social_options":{"image_generator_settings":{"template":"highway","default_image_id":0,"font":"","enabled":false},"version":2}},"categories":[30,10],"tags":[],"class_list":["post-7400","post","type-post","status-publish","format-standard","has-post-thumbnail","hentry","category-e-junioren","category-nachwuchs"],"jetpack_publicize_connections":[],"jetpack_featured_media_url":"https:\/\/i0.wp.com\/www.svzweckel.de\/wp-content\/uploads\/2014\/08\/image2.jpeg?fit=1024%2C576&ssl=1","jetpack_sharing_enabled":true,"_links":{"self":[{"href":"https:\/\/www.svzweckel.de\/index.php?rest_route=\/wp\/v2\/posts\/7400","targetHints":{"allow":["GET"]}}],"collection":[{"href":"https:\/\/www.svzweckel.de\/index.php?rest_route=\/wp\/v2\/posts"}],"about":[{"href":"https:\/\/www.svzweckel.de\/index.php?rest_route=\/wp\/v2\/types\/post"}],"author":[{"embeddable":true,"href":"https:\/\/www.svzweckel.de\/index.php?rest_route=\/wp\/v2\/users\/3"}],"replies":[{"embeddable":true,"href":"https:\/\/www.svzweckel.de\/index.php?rest_route=%2Fwp%2Fv2%2Fcomments&post=7400"}],"version-history":[{"count":0,"href":"https:\/\/www.svzweckel.de\/index.php?rest_route=\/wp\/v2\/posts\/7400\/revisions"}],"wp:featuredmedia":[{"embeddable":true,"href":"https:\/\/www.svzweckel.de\/index.php?rest_route=\/wp\/v2\/media\/7398"}],"wp:attachment":[{"href":"https:\/\/www.svzweckel.de\/index.php?rest_route=%2Fwp%2Fv2%2Fmedia&parent=7400"}],"wp:term":[{"taxonomy":"category","embeddable":true,"href":"https:\/\/www.svzweckel.de\/index.php?rest_route=%2Fwp%2Fv2%2Fcategories&post=7400"},{"taxonomy":"post_tag","embeddable":true,"href":"https:\/\/www.svzweckel.de\/index.php?rest_route=%2Fwp%2Fv2%2Ftags&post=7400"}],"curies":[{"name":"wp","href":"https:\/\/api.w.org\/{rel}","templated":true}]}}