{"id":7458,"date":"2016-12-29T20:18:30","date_gmt":"2016-12-29T19:18:30","guid":{"rendered":"http:\/\/www.svzweckel.de\/?p=7458"},"modified":"2016-12-29T20:18:46","modified_gmt":"2016-12-29T19:18:46","slug":"vorbereitung-der-reserve","status":"publish","type":"post","link":"https:\/\/www.svzweckel.de\/?p=7458","title":{"rendered":"Vorbereitung der Reserve"},"content":{"rendered":"<p>Bereits am 07.01. beginnt f\u00fcr die zweite Mannschaft die Vorbereitung f\u00fcr die Mission Klassenerhalt.<\/p>\n<p>Am 07.01. nimmt die Mannschaft an einem Hallenturnier in Wettringen teil, was man im letzten Jahr sogar gewinnen konnte. In der Gruppe D spielt man unter anderem gegen die 1. Mannschaft von SC M\u00fcnster 08 und die Reserve der Sportfreunde Lotte. Weitere Gegner ist sind die zweite Mannschaft von Westfalia Kinderhaus und die vierte Mannschaft des Gastgebers Vorw\u00e4rts Wettringen.<\/p>\n<p>Um ordentlich fit in die R\u00fcckrunde zu starten wird an drei Tagen in der Woche trainiert und es stehen auch eine Reihe von Testspielen an. Am 15.01. ist die zweite Mannschaft von Middelich \u2013 Resse im K\u00e4fig zu Gast.<\/p>\n<p>Eine Woche sp\u00e4ter spielt der SV Zweckel II dann in Essen Kupferdreh-Byfang, bevor es am 28.01. um die Titelverteidigung bei der Gladbecker Hallenstadtmeisterschaft geht.<\/p>\n<p>Am 02.02. spielt die Reerve unter der Woche bei den Sportfreunden 07\/12 Gelsenkirchen und nur drei Tage sp\u00e4ter bei der Erstvertretung von Adler Ellinghorst. Die Generalprobe folgt dann am 12.02. bei Raspo Wanne, ehe es am 17.02. um 17:00 Uhr ums Eingemachte gegen den SC Schaffrath geht.<\/p>\n<p>Bis dahin m\u00f6chte Mike Groth die Mannschaft besonders im physischen und spielerischen Bereich verbessern. Der Ball soll laufen und Spielfreude soll man auf dem Platz sehen. Das muss noch verbessert werden. Wenn dazu noch die K\u00e4mpfermentalit\u00e4t in die Waagschale geworfen wird, dann wird es jeder Gegner schwer gegen die Reserve haben. Die Qualit\u00e4t ist allemal vorhanden und vielleicht kann auch noch die eine oder andere Verst\u00e4rkung hinzugewonnen werden. Entsprechende Gespr\u00e4che laufen.<\/p>\n<p>Aber das Ziel bleibt der Klassenerhalt und der Trainer ist sich sicher, dass das zu schaffen ist.<\/p>\n","protected":false},"excerpt":{"rendered":"<p>Bereits am 07.01. beginnt f\u00fcr die zweite Mannschaft die Vorbereitung f\u00fcr die Mission Klassenerhalt. Am 07.01. nimmt die Mannschaft an einem Hallenturnier in Wettringen teil, was man im letzten Jahr sogar gewinnen konnte. In der Gruppe D spielt man unter anderem gegen die 1. Mannschaft von SC M\u00fcnster 08 und die Reserve der Sportfreunde Lotte. [&hellip;]<\/p>\n","protected":false},"author":3,"featured_media":7362,"comment_status":"open","ping_status":"open","sticky":false,"template":"","format":"standard","meta":{"_jetpack_memberships_contains_paid_content":false,"footnotes":"","jetpack_publicize_message":"","jetpack_publicize_feature_enabled":true,"jetpack_social_post_already_shared":false,"jetpack_social_options":{"image_generator_settings":{"template":"highway","default_image_id":0,"font":"","enabled":false},"version":2}},"categories":[20],"tags":[],"class_list":["post-7458","post","type-post","status-publish","format-standard","has-post-thumbnail","hentry","category-2-mannschaft"],"jetpack_publicize_connections":[],"jetpack_featured_media_url":"https:\/\/i0.wp.com\/www.svzweckel.de\/wp-content\/uploads\/2016\/12\/img-20161126-wa0005.jpg?fit=1600%2C1200&ssl=1","jetpack_sharing_enabled":true,"_links":{"self":[{"href":"https:\/\/www.svzweckel.de\/index.php?rest_route=\/wp\/v2\/posts\/7458","targetHints":{"allow":["GET"]}}],"collection":[{"href":"https:\/\/www.svzweckel.de\/index.php?rest_route=\/wp\/v2\/posts"}],"about":[{"href":"https:\/\/www.svzweckel.de\/index.php?rest_route=\/wp\/v2\/types\/post"}],"author":[{"embeddable":true,"href":"https:\/\/www.svzweckel.de\/index.php?rest_route=\/wp\/v2\/users\/3"}],"replies":[{"embeddable":true,"href":"https:\/\/www.svzweckel.de\/index.php?rest_route=%2Fwp%2Fv2%2Fcomments&post=7458"}],"version-history":[{"count":0,"href":"https:\/\/www.svzweckel.de\/index.php?rest_route=\/wp\/v2\/posts\/7458\/revisions"}],"wp:featuredmedia":[{"embeddable":true,"href":"https:\/\/www.svzweckel.de\/index.php?rest_route=\/wp\/v2\/media\/7362"}],"wp:attachment":[{"href":"https:\/\/www.svzweckel.de\/index.php?rest_route=%2Fwp%2Fv2%2Fmedia&parent=7458"}],"wp:term":[{"taxonomy":"category","embeddable":true,"href":"https:\/\/www.svzweckel.de\/index.php?rest_route=%2Fwp%2Fv2%2Fcategories&post=7458"},{"taxonomy":"post_tag","embeddable":true,"href":"https:\/\/www.svzweckel.de\/index.php?rest_route=%2Fwp%2Fv2%2Ftags&post=7458"}],"curies":[{"name":"wp","href":"https:\/\/api.w.org\/{rel}","templated":true}]}}