{"id":7744,"date":"2017-02-04T19:07:37","date_gmt":"2017-02-04T18:07:37","guid":{"rendered":"http:\/\/www.svzweckel.de\/?p=7744"},"modified":"2017-02-05T09:23:02","modified_gmt":"2017-02-05T08:23:02","slug":"e1-ist-stadtmeister","status":"publish","type":"post","link":"https:\/\/www.svzweckel.de\/?p=7744","title":{"rendered":"E1 ist Stadtmeister!!!"},"content":{"rendered":"<p>Am heutigen Samstag wurden die Gladbecker Stadtmeisterschaften der E-Jugend ausgespielt.<\/p>\n<p>Los ging es mit den E2\/E3 Mannschaften.<\/p>\n<p>Insgesamt traten 6 Mannschaften an, davon 2 aus Zweckel und ebenfalls 2 aus Rentfort.<br \/>\nDer SG Preu\u00dfen Gladbeck und Schwarz-Blau Gladbeck komplettierten das Feld.<\/p>\n<p>Wir sahen 15 sch\u00f6ne Fu\u00dfballspiele, die allesamt fair gespielt wurden.<br \/>\nAm Ende konnte das Team von Rentfort 2 die meisten Siege verzeichnen und so erhielt<br \/>\ndie Mannschaft verdient den Siegerpokal des Stadtmeisters 2017.<\/p>\n<p>Auf Platz 2 folgte der SC Preu\u00dfen Gladbeck.<br \/>\nPlatz 3 belegte das Team vom BV Rentfort 3.<\/p>\n<p>&nbsp;<\/p>\n<p>Anschlie\u00dfend folgte das Turnier der E1.<\/p>\n<p>Hier traten 5 Mannschaften gegeneinander an.<br \/>\nDer BV Rentfort, SG Preu\u00dfen, Wacker Gladbeck, Schwarz-Blau Gladbeck und der SV Zweckel.<br \/>\nIn 10 Spielen sahen wir hier einige spannende Partien, in denen sich die Teams nichts schenkten.<\/p>\n<p>Als einzige Mannschaft des Turniers blieb der SV Zweckel ungeschlagen und konnte sich somit erneut den Titel des Stadtmeisters sicher.<br \/>\nPlatz 2 erspielte sich der SG Preu\u00dfen und den Pokal f\u00fcr den dritten Sieger durfte der BV Rentfort<br \/>\nentgegen nehmen.<\/p>\n<p>Herzlichen Gl\u00fcckwunsch an alle Teams!!!<\/p>\n<p>Ein gro\u00dfer Dank geht an die Eltern, die durch ihre tatkr\u00e4ftige Unterst\u00fctzung zu diesem Turnier beigetragen haben.<\/p>\n<p>Ebenfalls besonders erw\u00e4hnen m\u00f6chten wir die jungen Trainer des SV Zweckel, die\u00a0unter der Leitung von Rolf Kohler, erneut die Turnierleitung \u00fcbernahmen und so das Turnier m\u00f6glich gemacht haben.<\/p>\n<p>&nbsp;<\/p>\n<p>&nbsp;<\/p>\n<p><img data-recalc-dims=\"1\" loading=\"lazy\" decoding=\"async\" class=\"aligncenter size-medium wp-image-7748\" src=\"https:\/\/i0.wp.com\/www.svzweckel.de\/wp-content\/uploads\/2017\/02\/IMG_6065.jpg?resize=300%2C225&#038;ssl=1\" alt=\"\" width=\"300\" height=\"225\" srcset=\"https:\/\/i0.wp.com\/www.svzweckel.de\/wp-content\/uploads\/2017\/02\/IMG_6065.jpg?resize=300%2C225&amp;ssl=1 300w, https:\/\/i0.wp.com\/www.svzweckel.de\/wp-content\/uploads\/2017\/02\/IMG_6065.jpg?resize=768%2C576&amp;ssl=1 768w, https:\/\/i0.wp.com\/www.svzweckel.de\/wp-content\/uploads\/2017\/02\/IMG_6065.jpg?w=1024&amp;ssl=1 1024w, https:\/\/i0.wp.com\/www.svzweckel.de\/wp-content\/uploads\/2017\/02\/IMG_6065.jpg?resize=150%2C113&amp;ssl=1 150w, https:\/\/i0.wp.com\/www.svzweckel.de\/wp-content\/uploads\/2017\/02\/IMG_6065.jpg?resize=100%2C75&amp;ssl=1 100w, https:\/\/i0.wp.com\/www.svzweckel.de\/wp-content\/uploads\/2017\/02\/IMG_6065.jpg?resize=50%2C38&amp;ssl=1 50w, https:\/\/i0.wp.com\/www.svzweckel.de\/wp-content\/uploads\/2017\/02\/IMG_6065.jpg?resize=25%2C19&amp;ssl=1 25w, https:\/\/i0.wp.com\/www.svzweckel.de\/wp-content\/uploads\/2017\/02\/IMG_6065.jpg?resize=427%2C320&amp;ssl=1 427w, https:\/\/i0.wp.com\/www.svzweckel.de\/wp-content\/uploads\/2017\/02\/IMG_6065.jpg?resize=160%2C120&amp;ssl=1 160w\" sizes=\"auto, (max-width: 300px) 100vw, 300px\" \/><\/p>\n<p><img data-recalc-dims=\"1\" loading=\"lazy\" decoding=\"async\" class=\"aligncenter size-medium wp-image-7745\" src=\"https:\/\/i0.wp.com\/www.svzweckel.de\/wp-content\/uploads\/2017\/02\/IMG_6050.jpg?resize=300%2C225&#038;ssl=1\" alt=\"\" width=\"300\" height=\"225\" srcset=\"https:\/\/i0.wp.com\/www.svzweckel.de\/wp-content\/uploads\/2017\/02\/IMG_6050.jpg?resize=300%2C225&amp;ssl=1 300w, https:\/\/i0.wp.com\/www.svzweckel.de\/wp-content\/uploads\/2017\/02\/IMG_6050.jpg?resize=768%2C576&amp;ssl=1 768w, https:\/\/i0.wp.com\/www.svzweckel.de\/wp-content\/uploads\/2017\/02\/IMG_6050.jpg?w=1024&amp;ssl=1 1024w, https:\/\/i0.wp.com\/www.svzweckel.de\/wp-content\/uploads\/2017\/02\/IMG_6050.jpg?resize=150%2C113&amp;ssl=1 150w, https:\/\/i0.wp.com\/www.svzweckel.de\/wp-content\/uploads\/2017\/02\/IMG_6050.jpg?resize=100%2C75&amp;ssl=1 100w, https:\/\/i0.wp.com\/www.svzweckel.de\/wp-content\/uploads\/2017\/02\/IMG_6050.jpg?resize=50%2C38&amp;ssl=1 50w, https:\/\/i0.wp.com\/www.svzweckel.de\/wp-content\/uploads\/2017\/02\/IMG_6050.jpg?resize=25%2C19&amp;ssl=1 25w, https:\/\/i0.wp.com\/www.svzweckel.de\/wp-content\/uploads\/2017\/02\/IMG_6050.jpg?resize=427%2C320&amp;ssl=1 427w, https:\/\/i0.wp.com\/www.svzweckel.de\/wp-content\/uploads\/2017\/02\/IMG_6050.jpg?resize=160%2C120&amp;ssl=1 160w\" sizes=\"auto, (max-width: 300px) 100vw, 300px\" \/><\/p>\n<p>&nbsp;<\/p>\n","protected":false},"excerpt":{"rendered":"<p>Am heutigen Samstag wurden die Gladbecker Stadtmeisterschaften der E-Jugend ausgespielt. Los ging es mit den E2\/E3 Mannschaften. Insgesamt traten 6 Mannschaften an, davon 2 aus Zweckel und ebenfalls 2 aus Rentfort. Der SG Preu\u00dfen Gladbeck und Schwarz-Blau Gladbeck komplettierten das Feld. Wir sahen 15 sch\u00f6ne Fu\u00dfballspiele, die allesamt fair gespielt wurden. Am Ende konnte das [&hellip;]<\/p>\n","protected":false},"author":3,"featured_media":7746,"comment_status":"open","ping_status":"open","sticky":false,"template":"","format":"standard","meta":{"_jetpack_memberships_contains_paid_content":false,"footnotes":"","jetpack_publicize_message":"","jetpack_publicize_feature_enabled":true,"jetpack_social_post_already_shared":false,"jetpack_social_options":{"image_generator_settings":{"template":"highway","default_image_id":0,"font":"","enabled":false},"version":2}},"categories":[30,10],"tags":[],"class_list":["post-7744","post","type-post","status-publish","format-standard","has-post-thumbnail","hentry","category-e-junioren","category-nachwuchs"],"jetpack_publicize_connections":[],"jetpack_featured_media_url":"https:\/\/i0.wp.com\/www.svzweckel.de\/wp-content\/uploads\/2017\/02\/IMG_6053.jpg?fit=1024%2C768&ssl=1","jetpack_sharing_enabled":true,"_links":{"self":[{"href":"https:\/\/www.svzweckel.de\/index.php?rest_route=\/wp\/v2\/posts\/7744","targetHints":{"allow":["GET"]}}],"collection":[{"href":"https:\/\/www.svzweckel.de\/index.php?rest_route=\/wp\/v2\/posts"}],"about":[{"href":"https:\/\/www.svzweckel.de\/index.php?rest_route=\/wp\/v2\/types\/post"}],"author":[{"embeddable":true,"href":"https:\/\/www.svzweckel.de\/index.php?rest_route=\/wp\/v2\/users\/3"}],"replies":[{"embeddable":true,"href":"https:\/\/www.svzweckel.de\/index.php?rest_route=%2Fwp%2Fv2%2Fcomments&post=7744"}],"version-history":[{"count":0,"href":"https:\/\/www.svzweckel.de\/index.php?rest_route=\/wp\/v2\/posts\/7744\/revisions"}],"wp:featuredmedia":[{"embeddable":true,"href":"https:\/\/www.svzweckel.de\/index.php?rest_route=\/wp\/v2\/media\/7746"}],"wp:attachment":[{"href":"https:\/\/www.svzweckel.de\/index.php?rest_route=%2Fwp%2Fv2%2Fmedia&parent=7744"}],"wp:term":[{"taxonomy":"category","embeddable":true,"href":"https:\/\/www.svzweckel.de\/index.php?rest_route=%2Fwp%2Fv2%2Fcategories&post=7744"},{"taxonomy":"post_tag","embeddable":true,"href":"https:\/\/www.svzweckel.de\/index.php?rest_route=%2Fwp%2Fv2%2Ftags&post=7744"}],"curies":[{"name":"wp","href":"https:\/\/api.w.org\/{rel}","templated":true}]}}