{"id":8015,"date":"2017-03-12T22:32:55","date_gmt":"2017-03-12T21:32:55","guid":{"rendered":"http:\/\/www.svzweckel.de\/?p=8015"},"modified":"2017-03-12T22:34:31","modified_gmt":"2017-03-12T21:34:31","slug":"sg-preussen-gladbeck-gewinnt-das-derby-in-zweckel-mit-10-waz-vom-12-03-2017","status":"publish","type":"post","link":"https:\/\/www.svzweckel.de\/?p=8015","title":{"rendered":"SG Preu\u00dfen Gladbeck gewinnt das Derby in Zweckel mit 1:0 (WAZ vom 12.03.2017)"},"content":{"rendered":"<p>SG Preu\u00dfen Gladbeck hat das Kreisliga-A-Derby beim SV Zweckel II mit 1:0 gewonnen. In der Bewertung des Spiels waren sich beide Trainer einig.<\/p>\n<p>SG Preu\u00dfen Gladbeck hat das Derby in der Kreisliga A1 beim SV Zweckel gewonnen. Zum Matchwinner avancierte im K\u00e4fig an der Dorstener Stra\u00dfe Dennis R\u00fchr, der in der 84. Minute den einzigen Treffer der Partie erzielte.<\/p>\n<p>Spieler, Trainer und Zuschauer waren sich nach dem Lokalduell einig: Das war ein typisches Unentschieden-Spiel. Das gab sogar Daniel Thiele zu, Trainer von Schwarz-Gelb Preu\u00dfen. Das Spiel hatte keinen Sieger verdient. Es war einfach kein Fu\u00dfballspiel, die Platzverh\u00e4ltnisse waren unterirdisch.\u201c<\/p>\n<p>Samet Varli hat die F\u00fchrung f\u00fcr Zweckel II auf dem Fu\u00df<\/p>\n<p>Sein Zweckeler Kollege Mike Groth kommentierte: \u201eWir waren mit Preu\u00dfen auf Augenh\u00f6he. Alle waren sich einig, dass ein Punkt verdient gewesen w\u00e4re.\u201c<\/p>\n<p>Nach 20 Minuten hatte SVZ-Akteur Samet Varli die F\u00fchrung f\u00fcr die Platzherren auf dem Fu\u00df. Er schoss aber freistehend zwei Meter vor dem Kasten an ihm vorbei. Die Preu\u00dfen erarbeiteten sich ihre erste echte Gelegenheit erst nach 65. Minuten.<\/p>\n<p>Dennis R\u00fchr erzielt in der 84. Minute das Tor des Tages<\/p>\n<p>Sechs Minuten vor dem Abpfiff war es schlie\u00dflich Dennis R\u00fchr, der zum 1:0 f\u00fcr die G\u00e4ste traf. Dabei blieb es. \u201eEs war zwar viel Gep\u00f6hle, aber letztendlich haben wir gewonnen\u201c, so Thiele, \u201ewir sagt man so sch\u00f6n: Mund abputzen, drei Punkte mitgenommen.\u201c<\/p>\n","protected":false},"excerpt":{"rendered":"<p>SG Preu\u00dfen Gladbeck hat das Kreisliga-A-Derby beim SV Zweckel II mit 1:0 gewonnen. In der Bewertung des Spiels waren sich beide Trainer einig. SG Preu\u00dfen Gladbeck hat das Derby in der Kreisliga A1 beim SV Zweckel gewonnen. Zum Matchwinner avancierte im K\u00e4fig an der Dorstener Stra\u00dfe Dennis R\u00fchr, der in der 84. Minute den einzigen [&hellip;]<\/p>\n","protected":false},"author":3,"featured_media":8017,"comment_status":"open","ping_status":"open","sticky":false,"template":"","format":"standard","meta":{"_jetpack_memberships_contains_paid_content":false,"footnotes":"","jetpack_publicize_message":"","jetpack_publicize_feature_enabled":true,"jetpack_social_post_already_shared":false,"jetpack_social_options":{"image_generator_settings":{"template":"highway","default_image_id":0,"font":"","enabled":false},"version":2}},"categories":[20],"tags":[],"class_list":["post-8015","post","type-post","status-publish","format-standard","has-post-thumbnail","hentry","category-2-mannschaft"],"jetpack_publicize_connections":[],"jetpack_featured_media_url":"https:\/\/i0.wp.com\/www.svzweckel.de\/wp-content\/uploads\/2017\/03\/Varli.jpg?fit=940%2C450&ssl=1","jetpack_sharing_enabled":true,"_links":{"self":[{"href":"https:\/\/www.svzweckel.de\/index.php?rest_route=\/wp\/v2\/posts\/8015","targetHints":{"allow":["GET"]}}],"collection":[{"href":"https:\/\/www.svzweckel.de\/index.php?rest_route=\/wp\/v2\/posts"}],"about":[{"href":"https:\/\/www.svzweckel.de\/index.php?rest_route=\/wp\/v2\/types\/post"}],"author":[{"embeddable":true,"href":"https:\/\/www.svzweckel.de\/index.php?rest_route=\/wp\/v2\/users\/3"}],"replies":[{"embeddable":true,"href":"https:\/\/www.svzweckel.de\/index.php?rest_route=%2Fwp%2Fv2%2Fcomments&post=8015"}],"version-history":[{"count":0,"href":"https:\/\/www.svzweckel.de\/index.php?rest_route=\/wp\/v2\/posts\/8015\/revisions"}],"wp:featuredmedia":[{"embeddable":true,"href":"https:\/\/www.svzweckel.de\/index.php?rest_route=\/wp\/v2\/media\/8017"}],"wp:attachment":[{"href":"https:\/\/www.svzweckel.de\/index.php?rest_route=%2Fwp%2Fv2%2Fmedia&parent=8015"}],"wp:term":[{"taxonomy":"category","embeddable":true,"href":"https:\/\/www.svzweckel.de\/index.php?rest_route=%2Fwp%2Fv2%2Fcategories&post=8015"},{"taxonomy":"post_tag","embeddable":true,"href":"https:\/\/www.svzweckel.de\/index.php?rest_route=%2Fwp%2Fv2%2Ftags&post=8015"}],"curies":[{"name":"wp","href":"https:\/\/api.w.org\/{rel}","templated":true}]}}