{"id":8068,"date":"2017-03-21T19:55:53","date_gmt":"2017-03-21T18:55:53","guid":{"rendered":"http:\/\/www.svzweckel.de\/?p=8068"},"modified":"2017-03-21T19:58:01","modified_gmt":"2017-03-21T18:58:01","slug":"am-ende-schwanden-die-kraefte","status":"publish","type":"post","link":"https:\/\/www.svzweckel.de\/?p=8068","title":{"rendered":"Am Ende schwanden die Kr\u00e4fte"},"content":{"rendered":"<p>Spvgg.Middelich\/Resse &#8211; SV Zweckel 2\u00a0 2:1 (0:1)<\/p>\n<p>Um den verdienten Lohn, gegen den Tabellenvierten etwas mitzunehmen, brachte sich die SVZ Reserve am Sonntag Nachmittag in Resse. Dabei kamen die Zweckeler ziemlich gut ins Spiel und die Gastgeber zeigten sich zun\u00e4chst beeindruckt. Nach ca. 15 Minuten konnte Enes Yiyit sogar die F\u00fchrung erzielen.<\/p>\n<p>Okan Yaman und Yiyit hatten Gelegenheitenar zu erh\u00f6hen, scheiterten allerdings zu \u00fcberhastet. Gegen Mitte der ersten Halbzeit wurde Resse dann st\u00e4rker und dr\u00e4ngte den SV Zweckel in die eigene H\u00e4lfte. Rafael Dudeck hielt mit einigen Glanzparaden seine Mannschaft im Rennen und rettete die F\u00fchrung in die Halbzeit.<\/p>\n<p>Im zweiten Abschnitt dr\u00fcckte Middelich-Resse auf den Ausgleich, aber irgendwo war immer noch ein Zweckeler Abwehrbein dazwischen und die Zeit lief den Ressern davon. Zweckel konnte aber kaum mal f\u00fcr Entlastung sorgen und so kam es wie es kommen mu\u00dfte. Nachdem der Middelicher Trainer Karl Englich seinen Top-Torj\u00e4ger Marco Fobo in der 70. Minute einwechselte, brauchte dieser nur 4 Minuten um den Ausgleich zu erzielen.<\/p>\n<p>Nach einem der zahlreichen Freist\u00f6\u00dfe stand Fobo allerdings klar im Abseits, so dass das Tor h\u00e4tte eigentlich gar nicht z\u00e4hlen d\u00fcrfen. Nun hatte Resse Blut geleckt und st\u00fcrmte dem Siegtreffer entgegen.<\/p>\n<p>Nach einem Angriff der Zweckeler wurde der eingewechselte Mike Reschke an der Strafraumgrenze klar gefoult, doch der Pfiff blieb aus. Den anschlie\u00dfenden Konter versenkte wiederum Fobo zum viel umjubelten gl\u00fccklichen, aber nicht unverdienten Sieg der Gastgeber.<\/p>\n<p>Fazit:<\/p>\n<p>Wiedermal hat die Reserve gezeigt, dass sie auch Oberen auch mithalten k\u00f6nnen. Nun steht die Zweite aber wieder mit leeren H\u00e4nden da.<\/p>\n<p>Jetzt muss am Samstag dringend ein Sieg gegen Schwarz Blau her und das sollte auch zu schaffen sein.<\/p>\n","protected":false},"excerpt":{"rendered":"<p>Spvgg.Middelich\/Resse &#8211; SV Zweckel 2\u00a0 2:1 (0:1) Um den verdienten Lohn, gegen den Tabellenvierten etwas mitzunehmen, brachte sich die SVZ Reserve am Sonntag Nachmittag in Resse. Dabei kamen die Zweckeler ziemlich gut ins Spiel und die Gastgeber zeigten sich zun\u00e4chst beeindruckt. Nach ca. 15 Minuten konnte Enes Yiyit sogar die F\u00fchrung erzielen. Okan Yaman und [&hellip;]<\/p>\n","protected":false},"author":3,"featured_media":8069,"comment_status":"open","ping_status":"open","sticky":false,"template":"","format":"standard","meta":{"_jetpack_memberships_contains_paid_content":false,"footnotes":"","jetpack_publicize_message":"","jetpack_publicize_feature_enabled":true,"jetpack_social_post_already_shared":false,"jetpack_social_options":{"image_generator_settings":{"template":"highway","default_image_id":0,"font":"","enabled":false},"version":2}},"categories":[20],"tags":[],"class_list":["post-8068","post","type-post","status-publish","format-standard","has-post-thumbnail","hentry","category-2-mannschaft"],"jetpack_publicize_connections":[],"jetpack_featured_media_url":"https:\/\/i0.wp.com\/www.svzweckel.de\/wp-content\/uploads\/2017\/03\/2017-03-11-17.46.42.jpg?fit=1024%2C768&ssl=1","jetpack_sharing_enabled":true,"_links":{"self":[{"href":"https:\/\/www.svzweckel.de\/index.php?rest_route=\/wp\/v2\/posts\/8068","targetHints":{"allow":["GET"]}}],"collection":[{"href":"https:\/\/www.svzweckel.de\/index.php?rest_route=\/wp\/v2\/posts"}],"about":[{"href":"https:\/\/www.svzweckel.de\/index.php?rest_route=\/wp\/v2\/types\/post"}],"author":[{"embeddable":true,"href":"https:\/\/www.svzweckel.de\/index.php?rest_route=\/wp\/v2\/users\/3"}],"replies":[{"embeddable":true,"href":"https:\/\/www.svzweckel.de\/index.php?rest_route=%2Fwp%2Fv2%2Fcomments&post=8068"}],"version-history":[{"count":0,"href":"https:\/\/www.svzweckel.de\/index.php?rest_route=\/wp\/v2\/posts\/8068\/revisions"}],"wp:featuredmedia":[{"embeddable":true,"href":"https:\/\/www.svzweckel.de\/index.php?rest_route=\/wp\/v2\/media\/8069"}],"wp:attachment":[{"href":"https:\/\/www.svzweckel.de\/index.php?rest_route=%2Fwp%2Fv2%2Fmedia&parent=8068"}],"wp:term":[{"taxonomy":"category","embeddable":true,"href":"https:\/\/www.svzweckel.de\/index.php?rest_route=%2Fwp%2Fv2%2Fcategories&post=8068"},{"taxonomy":"post_tag","embeddable":true,"href":"https:\/\/www.svzweckel.de\/index.php?rest_route=%2Fwp%2Fv2%2Ftags&post=8068"}],"curies":[{"name":"wp","href":"https:\/\/api.w.org\/{rel}","templated":true}]}}