{"id":8071,"date":"2017-03-21T20:07:04","date_gmt":"2017-03-21T19:07:04","guid":{"rendered":"http:\/\/www.svzweckel.de\/?p=8071"},"modified":"2017-03-21T20:09:03","modified_gmt":"2017-03-21T19:09:03","slug":"aufruf-der-reserve","status":"publish","type":"post","link":"https:\/\/www.svzweckel.de\/?p=8071","title":{"rendered":"Aufruf der Reserve"},"content":{"rendered":"<p>Hallo liebe Zweckel Fans,<\/p>\n<p>wir, die zweite Mannschaft, brauchen eure Unterst\u00fctzung.<\/p>\n<p>Trotz guter Leistungen in den letzten beiden Spielen gegen den 4. und 5. der Tabelle, verloren wir die Spiele in den letzten Minuten nur knapp und durch Siege der unteren Mannschaften schmilzt der Vorsprung auf die Abstiegspl\u00e4tze auf zwei Punkte.<\/p>\n<p>Die n\u00e4chsten beiden Spiele sind vorentscheident f\u00fcr unsere Zukunft.<\/p>\n<p>Am kommenden Samstag, den 25.03. spielen wir im K\u00e4fig gegen SuS Schwarz-Blau Gladbeck. Mit einem Sieg k\u00f6nnten wir unseren Vorsprung halten oder sogar ausbauen und Schwarz-Blau auch noch mit in den Abstiegskampf ziehen.<\/p>\n<p>Wir w\u00fcrden uns echt freuen, wenn ihr mal die Zeit finden w\u00fcrdet, uns in so einem wichtigen Spiel zu unterst\u00fctzen und wir versprechen, f\u00fcr euch und den Verein alles zu geben und unseren Gegner sportlich niederringen zu wollen.<\/p>\n<p>Ich als Trainer werde wie immer meine Mannschaft bis in die Haarspitzen motivieren und wir wollen den K\u00e4fig zur Festung machen.<\/p>\n<p>Meine Jungs und ich w\u00fcrden uns sehr \u00fcber eure Unterst\u00fctzung freuen.<\/p>\n<p>Ansto\u00df ist Samstag, 25.03. um 17:00 Uhr im K\u00e4fig<\/p>\n<p>Mit<\/p>\n<p>Schwarz-Gr\u00fcnen Gr\u00fc\u00dfen<\/p>\n<p>Mike Groth und die 2. Mannschaft des SV Zweckel<\/p>\n","protected":false},"excerpt":{"rendered":"<p>Hallo liebe Zweckel Fans, wir, die zweite Mannschaft, brauchen eure Unterst\u00fctzung. Trotz guter Leistungen in den letzten beiden Spielen gegen den 4. und 5. der Tabelle, verloren wir die Spiele in den letzten Minuten nur knapp und durch Siege der unteren Mannschaften schmilzt der Vorsprung auf die Abstiegspl\u00e4tze auf zwei Punkte. Die n\u00e4chsten beiden Spiele [&hellip;]<\/p>\n","protected":false},"author":3,"featured_media":8072,"comment_status":"open","ping_status":"open","sticky":false,"template":"","format":"standard","meta":{"_jetpack_memberships_contains_paid_content":false,"footnotes":"","jetpack_publicize_message":"","jetpack_publicize_feature_enabled":true,"jetpack_social_post_already_shared":false,"jetpack_social_options":{"image_generator_settings":{"template":"highway","default_image_id":0,"font":"","enabled":false},"version":2}},"categories":[20],"tags":[],"class_list":["post-8071","post","type-post","status-publish","format-standard","has-post-thumbnail","hentry","category-2-mannschaft"],"jetpack_publicize_connections":[],"jetpack_featured_media_url":"https:\/\/i0.wp.com\/www.svzweckel.de\/wp-content\/uploads\/2017\/03\/2016-10-30-14.55.22.jpg?fit=1024%2C768&ssl=1","jetpack_sharing_enabled":true,"_links":{"self":[{"href":"https:\/\/www.svzweckel.de\/index.php?rest_route=\/wp\/v2\/posts\/8071","targetHints":{"allow":["GET"]}}],"collection":[{"href":"https:\/\/www.svzweckel.de\/index.php?rest_route=\/wp\/v2\/posts"}],"about":[{"href":"https:\/\/www.svzweckel.de\/index.php?rest_route=\/wp\/v2\/types\/post"}],"author":[{"embeddable":true,"href":"https:\/\/www.svzweckel.de\/index.php?rest_route=\/wp\/v2\/users\/3"}],"replies":[{"embeddable":true,"href":"https:\/\/www.svzweckel.de\/index.php?rest_route=%2Fwp%2Fv2%2Fcomments&post=8071"}],"version-history":[{"count":0,"href":"https:\/\/www.svzweckel.de\/index.php?rest_route=\/wp\/v2\/posts\/8071\/revisions"}],"wp:featuredmedia":[{"embeddable":true,"href":"https:\/\/www.svzweckel.de\/index.php?rest_route=\/wp\/v2\/media\/8072"}],"wp:attachment":[{"href":"https:\/\/www.svzweckel.de\/index.php?rest_route=%2Fwp%2Fv2%2Fmedia&parent=8071"}],"wp:term":[{"taxonomy":"category","embeddable":true,"href":"https:\/\/www.svzweckel.de\/index.php?rest_route=%2Fwp%2Fv2%2Fcategories&post=8071"},{"taxonomy":"post_tag","embeddable":true,"href":"https:\/\/www.svzweckel.de\/index.php?rest_route=%2Fwp%2Fv2%2Ftags&post=8071"}],"curies":[{"name":"wp","href":"https:\/\/api.w.org\/{rel}","templated":true}]}}