{"id":8145,"date":"2017-04-01T21:57:13","date_gmt":"2017-04-01T19:57:13","guid":{"rendered":"http:\/\/www.svzweckel.de\/?p=8145"},"modified":"2017-04-01T21:57:40","modified_gmt":"2017-04-01T19:57:40","slug":"fuer-zweckel-ii-gibts-ein-wiedersehen-mit-briese-waz-vom-01-04-2017","status":"publish","type":"post","link":"https:\/\/www.svzweckel.de\/?p=8145","title":{"rendered":"F\u00fcr Zweckel II gibt\u2019s ein Wiedersehen mit Briese (WAZ vom 01.04.2017)"},"content":{"rendered":"<div id=\"oms_intext_container\">\n<p>SV Hansa Scholven \u2013 SV Zweckel II.<\/p>\n<p>Ein Wiedersehen mit Gordon Briese gibt\u2019s f\u00fcr die Zweckeler Zweitvertretung in Scholven. Briese, zu Saisonbeginn noch Trainer des SVZ II, ist mittlerweile Coach des SV Hansa. Nun treffen die beiden Teams aufeinander &#8211; und beide k\u00e4mpfen gegen den Abstieg.<\/p>\n<\/div>\n<p class=\"article__paragraph p_8 \">\u201eWenn wir gewinnen, machen wir einen gro\u00dfen Schritt Richtung Klassenerhalt\u201c, sagt Zweckels Trainer Mike Groth mit einem Verweis auf die Tabelle.<\/p>\n<p><strong>SVZ-Trainer Groth erwartet top-motivierte Scholvener<\/strong><\/p>\n<p>Doch Groth ist vor der Scholvener Mannschaft gewarnt: \u201eWir m\u00fcssen uns um hundert Prozent gegen\u00fcber der Vorwoche steigern. Scholven ist eine absolute Wundert\u00fcte, wird aber mehr als motiviert sein. Gordon wird seine Mannschaft sehr hei\u00df machen\u201c, so Groth, der auf Marc Bahl und Tobias Urbschat verzichten muss. Auch hinter beiden Torh\u00fctern stehen noch Fragezeichen. Groth: \u201eIch gehe aber davon aus, dass Raphael Dudek spielen wird.\u201c<\/p>\n<p class=\"article__paragraph p_8 \">Ansto\u00df: So., 15 Uhr, Baulandstra\u00dfe in Gelsenkirchen.<\/p>\n","protected":false},"excerpt":{"rendered":"<p>SV Hansa Scholven \u2013 SV Zweckel II. Ein Wiedersehen mit Gordon Briese gibt\u2019s f\u00fcr die Zweckeler Zweitvertretung in Scholven. Briese, zu Saisonbeginn noch Trainer des SVZ II, ist mittlerweile Coach des SV Hansa. Nun treffen die beiden Teams aufeinander &#8211; und beide k\u00e4mpfen gegen den Abstieg. \u201eWenn wir gewinnen, machen wir einen gro\u00dfen Schritt Richtung [&hellip;]<\/p>\n","protected":false},"author":3,"featured_media":8146,"comment_status":"open","ping_status":"open","sticky":false,"template":"","format":"standard","meta":{"_jetpack_memberships_contains_paid_content":false,"footnotes":"","jetpack_publicize_message":"","jetpack_publicize_feature_enabled":true,"jetpack_social_post_already_shared":false,"jetpack_social_options":{"image_generator_settings":{"template":"highway","default_image_id":0,"font":"","enabled":false},"version":2}},"categories":[20],"tags":[],"class_list":["post-8145","post","type-post","status-publish","format-standard","has-post-thumbnail","hentry","category-2-mannschaft"],"jetpack_publicize_connections":[],"jetpack_featured_media_url":"https:\/\/i0.wp.com\/www.svzweckel.de\/wp-content\/uploads\/2017\/04\/2017-03-11-17.46.44.jpg?fit=1024%2C768&ssl=1","jetpack_sharing_enabled":true,"_links":{"self":[{"href":"https:\/\/www.svzweckel.de\/index.php?rest_route=\/wp\/v2\/posts\/8145","targetHints":{"allow":["GET"]}}],"collection":[{"href":"https:\/\/www.svzweckel.de\/index.php?rest_route=\/wp\/v2\/posts"}],"about":[{"href":"https:\/\/www.svzweckel.de\/index.php?rest_route=\/wp\/v2\/types\/post"}],"author":[{"embeddable":true,"href":"https:\/\/www.svzweckel.de\/index.php?rest_route=\/wp\/v2\/users\/3"}],"replies":[{"embeddable":true,"href":"https:\/\/www.svzweckel.de\/index.php?rest_route=%2Fwp%2Fv2%2Fcomments&post=8145"}],"version-history":[{"count":0,"href":"https:\/\/www.svzweckel.de\/index.php?rest_route=\/wp\/v2\/posts\/8145\/revisions"}],"wp:featuredmedia":[{"embeddable":true,"href":"https:\/\/www.svzweckel.de\/index.php?rest_route=\/wp\/v2\/media\/8146"}],"wp:attachment":[{"href":"https:\/\/www.svzweckel.de\/index.php?rest_route=%2Fwp%2Fv2%2Fmedia&parent=8145"}],"wp:term":[{"taxonomy":"category","embeddable":true,"href":"https:\/\/www.svzweckel.de\/index.php?rest_route=%2Fwp%2Fv2%2Fcategories&post=8145"},{"taxonomy":"post_tag","embeddable":true,"href":"https:\/\/www.svzweckel.de\/index.php?rest_route=%2Fwp%2Fv2%2Ftags&post=8145"}],"curies":[{"name":"wp","href":"https:\/\/api.w.org\/{rel}","templated":true}]}}