{"id":8234,"date":"2017-04-23T00:50:03","date_gmt":"2017-04-22T22:50:03","guid":{"rendered":"http:\/\/www.svzweckel.de\/?p=8234"},"modified":"2017-04-23T01:48:58","modified_gmt":"2017-04-22T23:48:58","slug":"svz-reseve-mit-dickem-ausrufezeichen","status":"publish","type":"post","link":"https:\/\/www.svzweckel.de\/?p=8234","title":{"rendered":"SVZ-Reserve mit dickem Ausrufezeichen!"},"content":{"rendered":"<p>SV Zweckel \u201e \u2013 Beckhausen 05\u00a0\u00a0 2:1 (1:1)<\/p>\n<p>\u201eHurra, wir leben noch&#8220;. So und nicht anders kann man es deuten.<\/p>\n<p>Nach eine k\u00e4mpferisch und teilweise sogar spielerisch Top Mannschaftsleistung zwang der SV Zweckel den Tabellendritten SuS Beckhausen 05 \u00a0in die Knie.<br \/>\nEs ging erst mal gar nicht gut los. Nach bereits 8 Minuten knickte Routinier Mario Schluck so ungl\u00fccklich um, dass er bereits in der Anfangsphase ausgewechselt werden musste. F\u00fcr ihn kam Denis Crevatin. Nach einem langen Ball \u00fcber die linke Seite lief Mirac \u00d6nt\u00fcrk alleine auf das Tor zu, umkurvte den Torh\u00fcter und legte dann den Ball quer auf Kevin Imasua. Doch ein Beckhauser war schneller und drosch den Ball mit einer Gr\u00e4tsche zum 1:0 f\u00fcr den SV Zweckle in die eigenen \u00a0Maschen.<\/p>\n<p>Doch die Freude w\u00e4hrte nicht lange. Der gerade eingewechselte Denis Crevatin war noch nicht im Wettkampfmodus und ihm unterlief leider ein Anf\u00e4ngerfehler, den die Beckhauser eiskalt zum Ausgleich nutzten. Der SVZ lie\u00df sich nicht schocken und man merkte nach den schlechten letzten Spielen, dass in dieser Truppe durchaus Potenzial steckt. Beckhausen hatte in der ersten Halbzeit gerade mal einen Schuss, der aufs Tor kam. Der SV Zweckel h\u00e4tte durchaus mit etwas Cleverness noch ein Tor schie\u00dfen k\u00f6nnen. 100%ige waren allerdings auch nicht dabei .<\/p>\n<p>In Halbzeit zwei erh\u00f6hte zun\u00e4chst Beckhausen den Druck, allerdings weiterhin ohne nennenswerte Chancen. Mit dem Laufe der Spielzeit machte Beckhausen mehr offen und die Zweckeler witterten ihre Chance im Konter. Es wurde ein offener Schlagabtausch und mit den Eingewechselten Schwanke und Yiyit wurde die offensive Qualitativ noch besser.<\/p>\n<p>Wladimir Schwanke war\u00a0 dann das Z\u00fcnglein an der Waage , als er auf der linken Seite, quasi auf der Torauslinie drei Mann frisch machte und dann genial auf Kevin Imasua auflegte und dieser m\u00fchelos zum viel umjubelten 2:1 einschob. In der letzten Minute hatte der SVZ auch noch Torh\u00fcter David Kulina, der mit einer Heldentat den Sieg unter Dach und Fach hielt.<\/p>\n<p>Mike Groth:<br \/>\n\u201eEs ist mir schon fast peinlich zu sagen, dass dieser Sieg sogar verdient war. Vielleicht hatte Beckhausen uns nach den letzten Ergebnissen nicht mehr ernst genommen. Mir soll es egal sein. Wir haben uns fr\u00fchzeitig getroffen und gerade die letzten Spiele angesprochen, welche katastrophal waren. Anscheinend habe ich die richtigen Worte gefunden und die Mannschaft erreicht. Ich bin stolz auf diese Leistung.\u201c<\/p>\n","protected":false},"excerpt":{"rendered":"<p>SV Zweckel \u201e \u2013 Beckhausen 05\u00a0\u00a0 2:1 (1:1) \u201eHurra, wir leben noch&#8220;. So und nicht anders kann man es deuten. Nach eine k\u00e4mpferisch und teilweise sogar spielerisch Top Mannschaftsleistung zwang der SV Zweckel den Tabellendritten SuS Beckhausen 05 \u00a0in die Knie. Es ging erst mal gar nicht gut los. Nach bereits 8 Minuten knickte Routinier [&hellip;]<\/p>\n","protected":false},"author":3,"featured_media":8237,"comment_status":"closed","ping_status":"closed","sticky":false,"template":"","format":"standard","meta":{"_jetpack_memberships_contains_paid_content":false,"footnotes":"","jetpack_publicize_message":"","jetpack_publicize_feature_enabled":true,"jetpack_social_post_already_shared":false,"jetpack_social_options":{"image_generator_settings":{"template":"highway","default_image_id":0,"font":"","enabled":false},"version":2}},"categories":[20],"tags":[],"class_list":["post-8234","post","type-post","status-publish","format-standard","has-post-thumbnail","hentry","category-2-mannschaft"],"jetpack_publicize_connections":[],"jetpack_featured_media_url":"https:\/\/i0.wp.com\/www.svzweckel.de\/wp-content\/uploads\/2017\/04\/20170422_173915.jpg?fit=1024%2C768&ssl=1","jetpack_sharing_enabled":true,"_links":{"self":[{"href":"https:\/\/www.svzweckel.de\/index.php?rest_route=\/wp\/v2\/posts\/8234","targetHints":{"allow":["GET"]}}],"collection":[{"href":"https:\/\/www.svzweckel.de\/index.php?rest_route=\/wp\/v2\/posts"}],"about":[{"href":"https:\/\/www.svzweckel.de\/index.php?rest_route=\/wp\/v2\/types\/post"}],"author":[{"embeddable":true,"href":"https:\/\/www.svzweckel.de\/index.php?rest_route=\/wp\/v2\/users\/3"}],"replies":[{"embeddable":true,"href":"https:\/\/www.svzweckel.de\/index.php?rest_route=%2Fwp%2Fv2%2Fcomments&post=8234"}],"version-history":[{"count":0,"href":"https:\/\/www.svzweckel.de\/index.php?rest_route=\/wp\/v2\/posts\/8234\/revisions"}],"wp:featuredmedia":[{"embeddable":true,"href":"https:\/\/www.svzweckel.de\/index.php?rest_route=\/wp\/v2\/media\/8237"}],"wp:attachment":[{"href":"https:\/\/www.svzweckel.de\/index.php?rest_route=%2Fwp%2Fv2%2Fmedia&parent=8234"}],"wp:term":[{"taxonomy":"category","embeddable":true,"href":"https:\/\/www.svzweckel.de\/index.php?rest_route=%2Fwp%2Fv2%2Fcategories&post=8234"},{"taxonomy":"post_tag","embeddable":true,"href":"https:\/\/www.svzweckel.de\/index.php?rest_route=%2Fwp%2Fv2%2Ftags&post=8234"}],"curies":[{"name":"wp","href":"https:\/\/api.w.org\/{rel}","templated":true}]}}