{"id":8282,"date":"2017-05-01T18:40:43","date_gmt":"2017-05-01T16:40:43","guid":{"rendered":"http:\/\/www.svzweckel.de\/?p=8282"},"modified":"2017-05-01T18:41:56","modified_gmt":"2017-05-01T16:41:56","slug":"sv-zweckel-ii-verschafft-sich-etwas-luft-im-abstiegskampf-waz-vom-30-04-2017","status":"publish","type":"post","link":"https:\/\/www.svzweckel.de\/?p=8282","title":{"rendered":"SV Zweckel II verschafft sich etwas Luft im Abstiegskampf (WAZ vom 30.04.2017)"},"content":{"rendered":"<p class=\"article__paragraph p_2 paarung\">TuS Rotthausen &#8211; SV Zweckel II <span class=\"ergebnis\">0:5 (0:0)<\/span><\/p>\n<p class=\"article__paragraph p_3 statistik\"><strong>Tore:<\/strong> 0:1, 0:2 Kratzer (47., 65.), 0:3 Jungnickel (75.), 0:4 Kratzer (82.), 0:5 Berisha (88.).<br \/>\n<strong>SVZ:<\/strong> Scheuplein \u2013 Crevatin, Dana, Akbaba, Kratzer, Schwanke, \u00d6zdemir, Kulina, Urbschat, Er, Jungnickel.<\/p>\n<p class=\"article__paragraph p_4 \">45 Minuten brauchte der SV Zweckel II, dann nahm die Mannschaft von Trainer Mike Groth richtig Fahrt auf. Lukas Kratzer brachte die G\u00e4ste mit 1:0 in F\u00fchrung (48.), der Brustl\u00f6ser auf dem Weg zum 5:0-Ausw\u00e4rtssieg. \u201eIn der ersten Halbzeit hatten wir das Spiel im Griff, aber die Chancenverwertung war nicht gut. Das war im zweiten Durchgang dann ganz anders\u201c, so ein zufriedener \u00dcbungsleiter. Dabei sa\u00dfen bei Zweckel gar drei Alt-Herrenspieler auf der Bank. Der eingewechselte Sami Berisha erzielte sogar noch das 5:0. Zuvor hatte Lukas Kratzer die Tore zum 2:0 und 4:0 erzielt, das 3:0 markierte Mike Jungnickel. \u201eNoch sind wir nicht durch, es war aber ein gro\u00dfer Schritt in Richtung Klassenerhalt\u201c, so Mike Groth.<\/p>\n","protected":false},"excerpt":{"rendered":"<p>TuS Rotthausen &#8211; SV Zweckel II 0:5 (0:0) Tore: 0:1, 0:2 Kratzer (47., 65.), 0:3 Jungnickel (75.), 0:4 Kratzer (82.), 0:5 Berisha (88.). SVZ: Scheuplein \u2013 Crevatin, Dana, Akbaba, Kratzer, Schwanke, \u00d6zdemir, Kulina, Urbschat, Er, Jungnickel. 45 Minuten brauchte der SV Zweckel II, dann nahm die Mannschaft von Trainer Mike Groth richtig Fahrt auf. Lukas [&hellip;]<\/p>\n","protected":false},"author":3,"featured_media":8283,"comment_status":"open","ping_status":"open","sticky":false,"template":"","format":"standard","meta":{"_jetpack_memberships_contains_paid_content":false,"footnotes":"","jetpack_publicize_message":"","jetpack_publicize_feature_enabled":true,"jetpack_social_post_already_shared":false,"jetpack_social_options":{"image_generator_settings":{"template":"highway","default_image_id":0,"font":"","enabled":false},"version":2}},"categories":[20],"tags":[],"class_list":["post-8282","post","type-post","status-publish","format-standard","has-post-thumbnail","hentry","category-2-mannschaft"],"jetpack_publicize_connections":[],"jetpack_featured_media_url":"https:\/\/i0.wp.com\/www.svzweckel.de\/wp-content\/uploads\/2017\/05\/picture-136309134.jpg?fit=940%2C450&ssl=1","jetpack_sharing_enabled":true,"_links":{"self":[{"href":"https:\/\/www.svzweckel.de\/index.php?rest_route=\/wp\/v2\/posts\/8282","targetHints":{"allow":["GET"]}}],"collection":[{"href":"https:\/\/www.svzweckel.de\/index.php?rest_route=\/wp\/v2\/posts"}],"about":[{"href":"https:\/\/www.svzweckel.de\/index.php?rest_route=\/wp\/v2\/types\/post"}],"author":[{"embeddable":true,"href":"https:\/\/www.svzweckel.de\/index.php?rest_route=\/wp\/v2\/users\/3"}],"replies":[{"embeddable":true,"href":"https:\/\/www.svzweckel.de\/index.php?rest_route=%2Fwp%2Fv2%2Fcomments&post=8282"}],"version-history":[{"count":0,"href":"https:\/\/www.svzweckel.de\/index.php?rest_route=\/wp\/v2\/posts\/8282\/revisions"}],"wp:featuredmedia":[{"embeddable":true,"href":"https:\/\/www.svzweckel.de\/index.php?rest_route=\/wp\/v2\/media\/8283"}],"wp:attachment":[{"href":"https:\/\/www.svzweckel.de\/index.php?rest_route=%2Fwp%2Fv2%2Fmedia&parent=8282"}],"wp:term":[{"taxonomy":"category","embeddable":true,"href":"https:\/\/www.svzweckel.de\/index.php?rest_route=%2Fwp%2Fv2%2Fcategories&post=8282"},{"taxonomy":"post_tag","embeddable":true,"href":"https:\/\/www.svzweckel.de\/index.php?rest_route=%2Fwp%2Fv2%2Ftags&post=8282"}],"curies":[{"name":"wp","href":"https:\/\/api.w.org\/{rel}","templated":true}]}}