{"id":8355,"date":"2017-05-04T22:45:55","date_gmt":"2017-05-04T20:45:55","guid":{"rendered":"http:\/\/www.svzweckel.de\/?p=8355"},"modified":"2017-05-04T22:45:55","modified_gmt":"2017-05-04T20:45:55","slug":"heimspiel-der-reserve-gegen-yeg-hassel-ii","status":"publish","type":"post","link":"https:\/\/www.svzweckel.de\/?p=8355","title":{"rendered":"Heimspiel der Reserve gegen YEG Hassel II"},"content":{"rendered":"<p>Samstag, 06.05.17, 17:00 Uhr: SV Zweckel &#8211; YEG Hassel II<\/p>\n<p>Im vorletzten Heimspiel der Saison m\u00f6chte die Reserve gegen YEG Hassel nachlegen. Nach Siegen gegen Beckhausen und in Rotthausen haben sich die Schwarz-Gr\u00fcnen mit 4 Punkten Vorsprung von einem Abstiegsplatz abgesetzt. Bei einem weiteren Sieg r\u00fcckt der Nichtabstieg immer n\u00e4her und Trainer Mike Groth k\u00f6nnten f\u00fcr die n\u00e4chste Saison beruhigter planen.<\/p>\n<p>Das Hinspiel gewannen die Zweckeler in einem engen Match mit 1:2 und w\u00fcrden sich am Samstagnachmittag sicher nicht beschweren, wenn am Ende der Partie wieder ein knapper Sieg stehen w\u00fcrde.<\/p>\n","protected":false},"excerpt":{"rendered":"<p>Samstag, 06.05.17, 17:00 Uhr: SV Zweckel &#8211; YEG Hassel II Im vorletzten Heimspiel der Saison m\u00f6chte die Reserve gegen YEG Hassel nachlegen. Nach Siegen gegen Beckhausen und in Rotthausen haben sich die Schwarz-Gr\u00fcnen mit 4 Punkten Vorsprung von einem Abstiegsplatz abgesetzt. Bei einem weiteren Sieg r\u00fcckt der Nichtabstieg immer n\u00e4her und Trainer Mike Groth k\u00f6nnten [&hellip;]<\/p>\n","protected":false},"author":3,"featured_media":8356,"comment_status":"open","ping_status":"open","sticky":false,"template":"","format":"standard","meta":{"_jetpack_memberships_contains_paid_content":false,"footnotes":"","jetpack_publicize_message":"","jetpack_publicize_feature_enabled":true,"jetpack_social_post_already_shared":false,"jetpack_social_options":{"image_generator_settings":{"template":"highway","default_image_id":0,"font":"","enabled":false},"version":2}},"categories":[20],"tags":[],"class_list":["post-8355","post","type-post","status-publish","format-standard","has-post-thumbnail","hentry","category-2-mannschaft"],"jetpack_publicize_connections":[],"jetpack_featured_media_url":"https:\/\/i0.wp.com\/www.svzweckel.de\/wp-content\/uploads\/2017\/05\/2017-04-22-18.25.21.jpg?fit=1024%2C768&ssl=1","jetpack_sharing_enabled":true,"_links":{"self":[{"href":"https:\/\/www.svzweckel.de\/index.php?rest_route=\/wp\/v2\/posts\/8355","targetHints":{"allow":["GET"]}}],"collection":[{"href":"https:\/\/www.svzweckel.de\/index.php?rest_route=\/wp\/v2\/posts"}],"about":[{"href":"https:\/\/www.svzweckel.de\/index.php?rest_route=\/wp\/v2\/types\/post"}],"author":[{"embeddable":true,"href":"https:\/\/www.svzweckel.de\/index.php?rest_route=\/wp\/v2\/users\/3"}],"replies":[{"embeddable":true,"href":"https:\/\/www.svzweckel.de\/index.php?rest_route=%2Fwp%2Fv2%2Fcomments&post=8355"}],"version-history":[{"count":0,"href":"https:\/\/www.svzweckel.de\/index.php?rest_route=\/wp\/v2\/posts\/8355\/revisions"}],"wp:featuredmedia":[{"embeddable":true,"href":"https:\/\/www.svzweckel.de\/index.php?rest_route=\/wp\/v2\/media\/8356"}],"wp:attachment":[{"href":"https:\/\/www.svzweckel.de\/index.php?rest_route=%2Fwp%2Fv2%2Fmedia&parent=8355"}],"wp:term":[{"taxonomy":"category","embeddable":true,"href":"https:\/\/www.svzweckel.de\/index.php?rest_route=%2Fwp%2Fv2%2Fcategories&post=8355"},{"taxonomy":"post_tag","embeddable":true,"href":"https:\/\/www.svzweckel.de\/index.php?rest_route=%2Fwp%2Fv2%2Ftags&post=8355"}],"curies":[{"name":"wp","href":"https:\/\/api.w.org\/{rel}","templated":true}]}}