{"id":8363,"date":"2017-05-07T14:13:02","date_gmt":"2017-05-07T12:13:02","guid":{"rendered":"http:\/\/www.svzweckel.de\/?p=8363"},"modified":"2017-05-07T14:13:15","modified_gmt":"2017-05-07T12:13:15","slug":"kratzer-show-und-eine-baerenstarke-svz-reserve-machen-den-klassenerhalt-so-gut-wie-perfekt","status":"publish","type":"post","link":"https:\/\/www.svzweckel.de\/?p=8363","title":{"rendered":"Kratzer-Show und eine b\u00e4renstarke SVZ-Reserve machen den Klassenerhalt so gut wie perfekt."},"content":{"rendered":"<p>SV Zweckel 2 \u2013 YEG Hassel 2\u00a0\u00a0\u00a0 5:2 ( 3:1)<\/p>\n<p>Nach dieser Vorstellung glauben nur noch die k\u00fchnsten Pessimisten an einen Abstieg der SVZ Reserve. Zweckel nahm von Anfang an das Heft in die Hand und spielte voll auf Sieg. Nach den ersten drei Torchancen nach den ersten 5 Minuten kam allerdings ein herber D\u00e4mpfer. Nach einer Ecke stand ein Hasseler St\u00fcrmer mutterseelenallein am Elfmeterpunkt und erzielte per Direktabnahme das 0:1.<\/p>\n<p>Die Zweckeler steckten dieses Missgeschick aber sofort weg und spielten in der n\u00e4chsten halben Stunde Hassel f\u00f6rmlich an die Wand. Allen voran Lukas Kratzer. Erst schnibbelte er einen Freisto\u00df zum \u00a0Ausgleich den Winkel. Wenig sp\u00e4ter \u00fcberlupfte er den Torh\u00fcter zur 2:1-F\u00fchrung. Schwanke, Berisha und Bahl h\u00e4tten auch gut und gerne das Spiel bereits in der ersten Halbzeit entscheiden k\u00f6nnen, hatten aber Pech im Abschlu\u00df.<\/p>\n<p>Das 3:1 besorgte Devran \u00d6zdemir\u00a0 zur beruhigenden 3:1 -ausenf\u00fchrung. Nach dem Wechsel schlichen sich kleine Fehler beim Gastgeber ein, die YEG Hassel auch sofort bestrafte. Wieder standen nach einem Eckball mehrere Hasseler total frei und einer davon erzielte pl\u00f6tzlich den Anschluss.<\/p>\n<p>Dann dauerte es etwa 10 Minuten bis sich Zweckel erholte und dann gaben sie noch einmal richtig Gas. Lukas Kratzer wurde noch zweimal exzellent von seinen Mitspielern freigespielt und diese Vorlagen verwerte er mit seinen Treffern 3 und 4 zum 5:2 Endstand.<\/p>\n<p>Trainerstimme:<\/p>\n<p>&#8222;Ich muss heute mal die komplette Mannschaft loben. Was sie heute oder in den letzten drei Spielen abgeliefert hat, ist aller Ehren wert. Da jetzt einen hervorzuheben w\u00e4re nicht fair. Dennoch m\u00f6chte ich auch mal eine Lanze f\u00fcr meine \u00e4lteren Spieler brechen. Was Sami Berisha und Marc Bahl heute gelaufen sind, da kann sich jeder junge Gr\u00fcnschnabel mal eine dicke Scheibe abschneiden. Die sind beide \u00fcber 40 und rennen 90 min ohne Pause. Hut ab. Ich habe personell einiges ver\u00e4ndert. Spieler, die nicht mitziehen oder Unruhe reingebracht haben, wurden durch willige \u00e4ltere Spieler ersetzt, die wissen um was es im Abstiegskampf geht. Dazu kommt die ein oder andere Verst\u00e4rkung aus der Ersten, die ja bereits abgestiegen sind und sofort ihre Einsatzbereitschaft gezeigt haben.<\/p>\n<p>Auf einmal spielen wir wieder Fu\u00dfball, auch Spieler, die vor Wochen noch total von der Rolle waren, sind momentan nicht mehr wegzudenken. Die Einstellung stimmt bei jedem, davor ziehe ich den Hut.<\/p>\n<p>Wenn ich noch an die Spiele gegen Schwarz Blau, was wir zwar gewonnen haben oder an die Niederlage gegen Hansa Scholven denke, sind das jetzt Welten, wenn man das vergleicht. Ich will nicht wissen, wo wir stehen w\u00fcrden, wenn man diese Einstellung und Leistung mal eine Saison lang zeigen w\u00fcrde. Doch das wollen wir in den n\u00e4chsten drei Spielen auch so fortsetzen.&#8220;<\/p>\n","protected":false},"excerpt":{"rendered":"<p>SV Zweckel 2 \u2013 YEG Hassel 2\u00a0\u00a0\u00a0 5:2 ( 3:1) Nach dieser Vorstellung glauben nur noch die k\u00fchnsten Pessimisten an einen Abstieg der SVZ Reserve. Zweckel nahm von Anfang an das Heft in die Hand und spielte voll auf Sieg. Nach den ersten drei Torchancen nach den ersten 5 Minuten kam allerdings ein herber D\u00e4mpfer. [&hellip;]<\/p>\n","protected":false},"author":3,"featured_media":8364,"comment_status":"open","ping_status":"open","sticky":false,"template":"","format":"standard","meta":{"_jetpack_memberships_contains_paid_content":false,"footnotes":"","jetpack_publicize_message":"","jetpack_publicize_feature_enabled":true,"jetpack_social_post_already_shared":false,"jetpack_social_options":{"image_generator_settings":{"template":"highway","default_image_id":0,"font":"","enabled":false},"version":2}},"categories":[20],"tags":[],"class_list":["post-8363","post","type-post","status-publish","format-standard","has-post-thumbnail","hentry","category-2-mannschaft"],"jetpack_publicize_connections":[],"jetpack_featured_media_url":"https:\/\/i0.wp.com\/www.svzweckel.de\/wp-content\/uploads\/2017\/05\/2017-05-06-18.09.22.jpg?fit=1024%2C768&ssl=1","jetpack_sharing_enabled":true,"_links":{"self":[{"href":"https:\/\/www.svzweckel.de\/index.php?rest_route=\/wp\/v2\/posts\/8363","targetHints":{"allow":["GET"]}}],"collection":[{"href":"https:\/\/www.svzweckel.de\/index.php?rest_route=\/wp\/v2\/posts"}],"about":[{"href":"https:\/\/www.svzweckel.de\/index.php?rest_route=\/wp\/v2\/types\/post"}],"author":[{"embeddable":true,"href":"https:\/\/www.svzweckel.de\/index.php?rest_route=\/wp\/v2\/users\/3"}],"replies":[{"embeddable":true,"href":"https:\/\/www.svzweckel.de\/index.php?rest_route=%2Fwp%2Fv2%2Fcomments&post=8363"}],"version-history":[{"count":0,"href":"https:\/\/www.svzweckel.de\/index.php?rest_route=\/wp\/v2\/posts\/8363\/revisions"}],"wp:featuredmedia":[{"embeddable":true,"href":"https:\/\/www.svzweckel.de\/index.php?rest_route=\/wp\/v2\/media\/8364"}],"wp:attachment":[{"href":"https:\/\/www.svzweckel.de\/index.php?rest_route=%2Fwp%2Fv2%2Fmedia&parent=8363"}],"wp:term":[{"taxonomy":"category","embeddable":true,"href":"https:\/\/www.svzweckel.de\/index.php?rest_route=%2Fwp%2Fv2%2Fcategories&post=8363"},{"taxonomy":"post_tag","embeddable":true,"href":"https:\/\/www.svzweckel.de\/index.php?rest_route=%2Fwp%2Fv2%2Ftags&post=8363"}],"curies":[{"name":"wp","href":"https:\/\/api.w.org\/{rel}","templated":true}]}}