{"id":8379,"date":"2017-05-09T20:53:48","date_gmt":"2017-05-09T18:53:48","guid":{"rendered":"http:\/\/www.svzweckel.de\/?p=8379"},"modified":"2017-05-09T21:22:59","modified_gmt":"2017-05-09T19:22:59","slug":"zweckler-fussballkindergarten-saison-20172018","status":"publish","type":"post","link":"https:\/\/www.svzweckel.de\/?p=8379","title":{"rendered":"Zweckler &#8211; Fussballkindergarten Saison 2017\/2018"},"content":{"rendered":"<p>Wie in den vergangenen Jahren bietet der SV Zweckel auch f\u00fcr die kommende Saison 2017\/2018 (nach den Sommerferien) wieder seinen Fussballkindergarten f\u00fcr Jungen und M\u00e4dchen an.<\/p>\n<p>Das Angebot richtet sich an alle fu\u00dfballbegeisterten Kindergartenkinder des Jahrgangs 2013. Der Fussballkindergarten findet einmal in der Woche statt und soll den Kindern Spa\u00df an der Bewegung und Freude am Fussball vermitteln. Es werden motorisch-koordinative und fussballspezifische Bewegungsabl\u00e4ufe geschult.<\/p>\n<p>Durch den nat\u00fcrlichen Spiel- und Bewegungsdrang werden die Kinder an den Fussball herangef\u00fchrt. Die Kinder k\u00f6nnen so erste Erfahrungen im Bereich Teamf\u00e4higkeit und trainieren in einer Gruppe sammeln. Anschlie\u00dfend besteht dann die M\u00f6glichkeit in eine der G-Jugend Mannschaften des SV Zweckel zu wechseln.<\/p>\n<p>Ab August wird Birgit Maus den Fussballkindergarten von Nadja Theis \u00fcbernehmen und ein altersgerechtes Training, wo der Spa\u00df im Vordergrund steht, leiten.<\/p>\n<p>Ab sofort kann man sich auf die Teilnehmerliste f\u00fcr die Saison 2017\/2018 setzen lassen.<\/p>\n<p>&nbsp;<\/p>\n<p>Trainerin: Birgit Maus<br \/>\nKontakt: 0176\/70389394<br \/>\n<a class=\"mailto-link\" target=\"_blank\">maus@svzweckel.de<\/a><\/p>\n<p>&nbsp;<\/p>\n<div class=\"tiled-gallery type-rectangular tiled-gallery-unresized\" data-original-width=\"640\" data-carousel-extra='null' itemscope itemtype=\"http:\/\/schema.org\/ImageGallery\" > <div class=\"gallery-row\" style=\"width: 640px; height: 321px;\" data-original-width=\"640\" data-original-height=\"321\" > <div class=\"gallery-group images-1\" style=\"width: 427px; height: 321px;\" data-original-width=\"427\" data-original-height=\"321\" > <div class=\"tiled-gallery-item tiled-gallery-item-large\" itemprop=\"associatedMedia\" itemscope itemtype=\"http:\/\/schema.org\/ImageObject\"> <a href=\"https:\/\/www.svzweckel.de\/?attachment_id=6599\" border=\"0\" itemprop=\"url\"> <meta itemprop=\"width\" content=\"423\"> <meta itemprop=\"height\" content=\"317\"> <img decoding=\"async\" class=\"\" data-attachment-id=\"6599\" data-orig-file=\"https:\/\/www.svzweckel.de\/wp-content\/uploads\/2014\/08\/IMG_3830.jpg\" data-orig-size=\"1024,768\" data-comments-opened=\"1\" data-image-meta=\"{&quot;aperture&quot;:&quot;0&quot;,&quot;credit&quot;:&quot;&quot;,&quot;camera&quot;:&quot;&quot;,&quot;caption&quot;:&quot;&quot;,&quot;created_timestamp&quot;:&quot;0&quot;,&quot;copyright&quot;:&quot;&quot;,&quot;focal_length&quot;:&quot;0&quot;,&quot;iso&quot;:&quot;0&quot;,&quot;shutter_speed&quot;:&quot;0&quot;,&quot;title&quot;:&quot;&quot;,&quot;orientation&quot;:&quot;0&quot;}\" data-image-title=\"FK\" data-image-description=\"\" data-medium-file=\"https:\/\/i0.wp.com\/www.svzweckel.de\/wp-content\/uploads\/2014\/08\/IMG_3830.jpg?fit=300%2C225&#038;ssl=1\" data-large-file=\"https:\/\/i0.wp.com\/www.svzweckel.de\/wp-content\/uploads\/2014\/08\/IMG_3830.jpg?fit=640%2C480&#038;ssl=1\" src=\"https:\/\/i0.wp.com\/www.svzweckel.de\/wp-content\/uploads\/2014\/08\/IMG_3830.jpg?w=423&#038;h=317&#038;ssl=1\" srcset=\"https:\/\/i0.wp.com\/www.svzweckel.de\/wp-content\/uploads\/2014\/08\/IMG_3830.jpg?w=1024&amp;ssl=1 1024w, https:\/\/i0.wp.com\/www.svzweckel.de\/wp-content\/uploads\/2014\/08\/IMG_3830.jpg?resize=300%2C225&amp;ssl=1 300w, https:\/\/i0.wp.com\/www.svzweckel.de\/wp-content\/uploads\/2014\/08\/IMG_3830.jpg?resize=768%2C576&amp;ssl=1 768w, https:\/\/i0.wp.com\/www.svzweckel.de\/wp-content\/uploads\/2014\/08\/IMG_3830.jpg?resize=150%2C113&amp;ssl=1 150w, https:\/\/i0.wp.com\/www.svzweckel.de\/wp-content\/uploads\/2014\/08\/IMG_3830.jpg?resize=100%2C75&amp;ssl=1 100w, https:\/\/i0.wp.com\/www.svzweckel.de\/wp-content\/uploads\/2014\/08\/IMG_3830.jpg?resize=50%2C38&amp;ssl=1 50w, https:\/\/i0.wp.com\/www.svzweckel.de\/wp-content\/uploads\/2014\/08\/IMG_3830.jpg?resize=25%2C19&amp;ssl=1 25w, https:\/\/i0.wp.com\/www.svzweckel.de\/wp-content\/uploads\/2014\/08\/IMG_3830.jpg?resize=427%2C320&amp;ssl=1 427w, https:\/\/i0.wp.com\/www.svzweckel.de\/wp-content\/uploads\/2014\/08\/IMG_3830.jpg?resize=160%2C120&amp;ssl=1 160w\" width=\"423\" height=\"317\" loading=\"lazy\" data-original-width=\"423\" data-original-height=\"317\" itemprop=\"http:\/\/schema.org\/image\" title=\"FK\" alt=\"FK\" style=\"width: 423px; height: 317px;\" \/> <\/a> <\/div> <\/div> <!-- close group --> <div class=\"gallery-group images-2\" style=\"width: 213px; height: 321px;\" data-original-width=\"213\" data-original-height=\"321\" > <div class=\"tiled-gallery-item tiled-gallery-item-small\" itemprop=\"associatedMedia\" itemscope itemtype=\"http:\/\/schema.org\/ImageObject\"> <a href=\"https:\/\/www.svzweckel.de\/?attachment_id=6600\" border=\"0\" itemprop=\"url\"> <meta itemprop=\"width\" content=\"209\"> <meta itemprop=\"height\" content=\"157\"> <img decoding=\"async\" class=\"\" data-attachment-id=\"6600\" data-orig-file=\"https:\/\/www.svzweckel.de\/wp-content\/uploads\/2014\/08\/IMG_3827.jpg\" data-orig-size=\"1024,768\" data-comments-opened=\"1\" data-image-meta=\"{&quot;aperture&quot;:&quot;0&quot;,&quot;credit&quot;:&quot;&quot;,&quot;camera&quot;:&quot;&quot;,&quot;caption&quot;:&quot;&quot;,&quot;created_timestamp&quot;:&quot;0&quot;,&quot;copyright&quot;:&quot;&quot;,&quot;focal_length&quot;:&quot;0&quot;,&quot;iso&quot;:&quot;0&quot;,&quot;shutter_speed&quot;:&quot;0&quot;,&quot;title&quot;:&quot;&quot;,&quot;orientation&quot;:&quot;0&quot;}\" data-image-title=\"FK\" data-image-description=\"\" data-medium-file=\"https:\/\/i0.wp.com\/www.svzweckel.de\/wp-content\/uploads\/2014\/08\/IMG_3827.jpg?fit=300%2C225&#038;ssl=1\" data-large-file=\"https:\/\/i0.wp.com\/www.svzweckel.de\/wp-content\/uploads\/2014\/08\/IMG_3827.jpg?fit=640%2C480&#038;ssl=1\" src=\"https:\/\/i0.wp.com\/www.svzweckel.de\/wp-content\/uploads\/2014\/08\/IMG_3827.jpg?w=209&#038;h=157&#038;ssl=1\" srcset=\"https:\/\/i0.wp.com\/www.svzweckel.de\/wp-content\/uploads\/2014\/08\/IMG_3827.jpg?w=1024&amp;ssl=1 1024w, https:\/\/i0.wp.com\/www.svzweckel.de\/wp-content\/uploads\/2014\/08\/IMG_3827.jpg?resize=300%2C225&amp;ssl=1 300w, https:\/\/i0.wp.com\/www.svzweckel.de\/wp-content\/uploads\/2014\/08\/IMG_3827.jpg?resize=768%2C576&amp;ssl=1 768w, https:\/\/i0.wp.com\/www.svzweckel.de\/wp-content\/uploads\/2014\/08\/IMG_3827.jpg?resize=150%2C113&amp;ssl=1 150w, https:\/\/i0.wp.com\/www.svzweckel.de\/wp-content\/uploads\/2014\/08\/IMG_3827.jpg?resize=100%2C75&amp;ssl=1 100w, https:\/\/i0.wp.com\/www.svzweckel.de\/wp-content\/uploads\/2014\/08\/IMG_3827.jpg?resize=50%2C38&amp;ssl=1 50w, https:\/\/i0.wp.com\/www.svzweckel.de\/wp-content\/uploads\/2014\/08\/IMG_3827.jpg?resize=25%2C19&amp;ssl=1 25w, https:\/\/i0.wp.com\/www.svzweckel.de\/wp-content\/uploads\/2014\/08\/IMG_3827.jpg?resize=427%2C320&amp;ssl=1 427w, https:\/\/i0.wp.com\/www.svzweckel.de\/wp-content\/uploads\/2014\/08\/IMG_3827.jpg?resize=160%2C120&amp;ssl=1 160w\" width=\"209\" height=\"157\" loading=\"lazy\" data-original-width=\"209\" data-original-height=\"157\" itemprop=\"http:\/\/schema.org\/image\" title=\"FK\" alt=\"FK\" style=\"width: 209px; height: 157px;\" \/> <\/a> <\/div> <div class=\"tiled-gallery-item tiled-gallery-item-small\" itemprop=\"associatedMedia\" itemscope itemtype=\"http:\/\/schema.org\/ImageObject\"> <a href=\"https:\/\/www.svzweckel.de\/?attachment_id=6583\" border=\"0\" itemprop=\"url\"> <meta itemprop=\"width\" content=\"209\"> <meta itemprop=\"height\" content=\"156\"> <img decoding=\"async\" class=\"\" data-attachment-id=\"6583\" data-orig-file=\"https:\/\/www.svzweckel.de\/wp-content\/uploads\/2014\/08\/IMG_3785.jpg\" data-orig-size=\"1024,768\" data-comments-opened=\"1\" data-image-meta=\"{&quot;aperture&quot;:&quot;0&quot;,&quot;credit&quot;:&quot;&quot;,&quot;camera&quot;:&quot;&quot;,&quot;caption&quot;:&quot;&quot;,&quot;created_timestamp&quot;:&quot;0&quot;,&quot;copyright&quot;:&quot;&quot;,&quot;focal_length&quot;:&quot;0&quot;,&quot;iso&quot;:&quot;0&quot;,&quot;shutter_speed&quot;:&quot;0&quot;,&quot;title&quot;:&quot;&quot;,&quot;orientation&quot;:&quot;1&quot;}\" data-image-title=\"FK\" data-image-description=\"\" data-medium-file=\"https:\/\/i0.wp.com\/www.svzweckel.de\/wp-content\/uploads\/2014\/08\/IMG_3785.jpg?fit=300%2C225&#038;ssl=1\" data-large-file=\"https:\/\/i0.wp.com\/www.svzweckel.de\/wp-content\/uploads\/2014\/08\/IMG_3785.jpg?fit=640%2C480&#038;ssl=1\" src=\"https:\/\/i0.wp.com\/www.svzweckel.de\/wp-content\/uploads\/2014\/08\/IMG_3785.jpg?w=209&#038;h=156&#038;ssl=1\" srcset=\"https:\/\/i0.wp.com\/www.svzweckel.de\/wp-content\/uploads\/2014\/08\/IMG_3785.jpg?w=1024&amp;ssl=1 1024w, https:\/\/i0.wp.com\/www.svzweckel.de\/wp-content\/uploads\/2014\/08\/IMG_3785.jpg?resize=300%2C225&amp;ssl=1 300w, https:\/\/i0.wp.com\/www.svzweckel.de\/wp-content\/uploads\/2014\/08\/IMG_3785.jpg?resize=768%2C576&amp;ssl=1 768w, https:\/\/i0.wp.com\/www.svzweckel.de\/wp-content\/uploads\/2014\/08\/IMG_3785.jpg?resize=150%2C113&amp;ssl=1 150w, https:\/\/i0.wp.com\/www.svzweckel.de\/wp-content\/uploads\/2014\/08\/IMG_3785.jpg?resize=100%2C75&amp;ssl=1 100w, https:\/\/i0.wp.com\/www.svzweckel.de\/wp-content\/uploads\/2014\/08\/IMG_3785.jpg?resize=50%2C38&amp;ssl=1 50w, https:\/\/i0.wp.com\/www.svzweckel.de\/wp-content\/uploads\/2014\/08\/IMG_3785.jpg?resize=25%2C19&amp;ssl=1 25w, https:\/\/i0.wp.com\/www.svzweckel.de\/wp-content\/uploads\/2014\/08\/IMG_3785.jpg?resize=427%2C320&amp;ssl=1 427w, https:\/\/i0.wp.com\/www.svzweckel.de\/wp-content\/uploads\/2014\/08\/IMG_3785.jpg?resize=160%2C120&amp;ssl=1 160w\" width=\"209\" height=\"156\" loading=\"lazy\" data-original-width=\"209\" data-original-height=\"156\" itemprop=\"http:\/\/schema.org\/image\" title=\"FK\" alt=\"FK\" style=\"width: 209px; height: 156px;\" \/> <\/a> <\/div> <\/div> <!-- close group --> <\/div> <!-- close row --> <div class=\"gallery-row\" style=\"width: 640px; height: 241px;\" data-original-width=\"640\" data-original-height=\"241\" > <div class=\"gallery-group images-1\" style=\"width: 320px; height: 241px;\" data-original-width=\"320\" data-original-height=\"241\" > <div class=\"tiled-gallery-item tiled-gallery-item-large\" itemprop=\"associatedMedia\" itemscope itemtype=\"http:\/\/schema.org\/ImageObject\"> <a href=\"https:\/\/www.svzweckel.de\/?attachment_id=6582\" border=\"0\" itemprop=\"url\"> <meta itemprop=\"width\" content=\"316\"> <meta itemprop=\"height\" content=\"237\"> <img decoding=\"async\" class=\"\" data-attachment-id=\"6582\" data-orig-file=\"https:\/\/www.svzweckel.de\/wp-content\/uploads\/2014\/08\/IMG_3783.jpg\" data-orig-size=\"1024,768\" data-comments-opened=\"1\" data-image-meta=\"{&quot;aperture&quot;:&quot;0&quot;,&quot;credit&quot;:&quot;&quot;,&quot;camera&quot;:&quot;&quot;,&quot;caption&quot;:&quot;&quot;,&quot;created_timestamp&quot;:&quot;0&quot;,&quot;copyright&quot;:&quot;&quot;,&quot;focal_length&quot;:&quot;0&quot;,&quot;iso&quot;:&quot;0&quot;,&quot;shutter_speed&quot;:&quot;0&quot;,&quot;title&quot;:&quot;&quot;,&quot;orientation&quot;:&quot;1&quot;}\" data-image-title=\"FK\" data-image-description=\"\" data-medium-file=\"https:\/\/i0.wp.com\/www.svzweckel.de\/wp-content\/uploads\/2014\/08\/IMG_3783.jpg?fit=300%2C225&#038;ssl=1\" data-large-file=\"https:\/\/i0.wp.com\/www.svzweckel.de\/wp-content\/uploads\/2014\/08\/IMG_3783.jpg?fit=640%2C480&#038;ssl=1\" src=\"https:\/\/i0.wp.com\/www.svzweckel.de\/wp-content\/uploads\/2014\/08\/IMG_3783.jpg?w=316&#038;h=237&#038;ssl=1\" srcset=\"https:\/\/i0.wp.com\/www.svzweckel.de\/wp-content\/uploads\/2014\/08\/IMG_3783.jpg?w=1024&amp;ssl=1 1024w, https:\/\/i0.wp.com\/www.svzweckel.de\/wp-content\/uploads\/2014\/08\/IMG_3783.jpg?resize=300%2C225&amp;ssl=1 300w, https:\/\/i0.wp.com\/www.svzweckel.de\/wp-content\/uploads\/2014\/08\/IMG_3783.jpg?resize=768%2C576&amp;ssl=1 768w, https:\/\/i0.wp.com\/www.svzweckel.de\/wp-content\/uploads\/2014\/08\/IMG_3783.jpg?resize=150%2C113&amp;ssl=1 150w, https:\/\/i0.wp.com\/www.svzweckel.de\/wp-content\/uploads\/2014\/08\/IMG_3783.jpg?resize=100%2C75&amp;ssl=1 100w, https:\/\/i0.wp.com\/www.svzweckel.de\/wp-content\/uploads\/2014\/08\/IMG_3783.jpg?resize=50%2C38&amp;ssl=1 50w, https:\/\/i0.wp.com\/www.svzweckel.de\/wp-content\/uploads\/2014\/08\/IMG_3783.jpg?resize=25%2C19&amp;ssl=1 25w, https:\/\/i0.wp.com\/www.svzweckel.de\/wp-content\/uploads\/2014\/08\/IMG_3783.jpg?resize=427%2C320&amp;ssl=1 427w, https:\/\/i0.wp.com\/www.svzweckel.de\/wp-content\/uploads\/2014\/08\/IMG_3783.jpg?resize=160%2C120&amp;ssl=1 160w\" width=\"316\" height=\"237\" loading=\"lazy\" data-original-width=\"316\" data-original-height=\"237\" itemprop=\"http:\/\/schema.org\/image\" title=\"FK\" alt=\"FK\" style=\"width: 316px; height: 237px;\" \/> <\/a> <\/div> <\/div> <!-- close group --> <div class=\"gallery-group images-1\" style=\"width: 320px; height: 241px;\" data-original-width=\"320\" data-original-height=\"241\" > <div class=\"tiled-gallery-item tiled-gallery-item-large\" itemprop=\"associatedMedia\" itemscope itemtype=\"http:\/\/schema.org\/ImageObject\"> <a href=\"https:\/\/www.svzweckel.de\/?attachment_id=6581\" border=\"0\" itemprop=\"url\"> <meta itemprop=\"width\" content=\"316\"> <meta itemprop=\"height\" content=\"237\"> <img decoding=\"async\" class=\"\" data-attachment-id=\"6581\" data-orig-file=\"https:\/\/www.svzweckel.de\/wp-content\/uploads\/2014\/08\/IMG_3782.jpg\" data-orig-size=\"1024,768\" data-comments-opened=\"1\" data-image-meta=\"{&quot;aperture&quot;:&quot;0&quot;,&quot;credit&quot;:&quot;&quot;,&quot;camera&quot;:&quot;&quot;,&quot;caption&quot;:&quot;&quot;,&quot;created_timestamp&quot;:&quot;0&quot;,&quot;copyright&quot;:&quot;&quot;,&quot;focal_length&quot;:&quot;0&quot;,&quot;iso&quot;:&quot;0&quot;,&quot;shutter_speed&quot;:&quot;0&quot;,&quot;title&quot;:&quot;&quot;,&quot;orientation&quot;:&quot;1&quot;}\" data-image-title=\"FK\" data-image-description=\"\" data-medium-file=\"https:\/\/i0.wp.com\/www.svzweckel.de\/wp-content\/uploads\/2014\/08\/IMG_3782.jpg?fit=300%2C225&#038;ssl=1\" data-large-file=\"https:\/\/i0.wp.com\/www.svzweckel.de\/wp-content\/uploads\/2014\/08\/IMG_3782.jpg?fit=640%2C480&#038;ssl=1\" src=\"https:\/\/i0.wp.com\/www.svzweckel.de\/wp-content\/uploads\/2014\/08\/IMG_3782.jpg?w=316&#038;h=237&#038;ssl=1\" srcset=\"https:\/\/i0.wp.com\/www.svzweckel.de\/wp-content\/uploads\/2014\/08\/IMG_3782.jpg?w=1024&amp;ssl=1 1024w, https:\/\/i0.wp.com\/www.svzweckel.de\/wp-content\/uploads\/2014\/08\/IMG_3782.jpg?resize=300%2C225&amp;ssl=1 300w, https:\/\/i0.wp.com\/www.svzweckel.de\/wp-content\/uploads\/2014\/08\/IMG_3782.jpg?resize=768%2C576&amp;ssl=1 768w, https:\/\/i0.wp.com\/www.svzweckel.de\/wp-content\/uploads\/2014\/08\/IMG_3782.jpg?resize=150%2C113&amp;ssl=1 150w, https:\/\/i0.wp.com\/www.svzweckel.de\/wp-content\/uploads\/2014\/08\/IMG_3782.jpg?resize=100%2C75&amp;ssl=1 100w, https:\/\/i0.wp.com\/www.svzweckel.de\/wp-content\/uploads\/2014\/08\/IMG_3782.jpg?resize=50%2C38&amp;ssl=1 50w, https:\/\/i0.wp.com\/www.svzweckel.de\/wp-content\/uploads\/2014\/08\/IMG_3782.jpg?resize=25%2C19&amp;ssl=1 25w, https:\/\/i0.wp.com\/www.svzweckel.de\/wp-content\/uploads\/2014\/08\/IMG_3782.jpg?resize=427%2C320&amp;ssl=1 427w, https:\/\/i0.wp.com\/www.svzweckel.de\/wp-content\/uploads\/2014\/08\/IMG_3782.jpg?resize=160%2C120&amp;ssl=1 160w\" width=\"316\" height=\"237\" loading=\"lazy\" data-original-width=\"316\" data-original-height=\"237\" itemprop=\"http:\/\/schema.org\/image\" title=\"FK\" alt=\"FK\" style=\"width: 316px; height: 237px;\" \/> <\/a> <\/div> <\/div> <!-- close group --> <\/div> <!-- close row --> <div class=\"gallery-row\" style=\"width: 640px; height: 182px;\" data-original-width=\"640\" data-original-height=\"182\" > <div class=\"gallery-group images-1\" style=\"width: 320px; height: 182px;\" data-original-width=\"320\" data-original-height=\"182\" > <div class=\"tiled-gallery-item tiled-gallery-item-large\" itemprop=\"associatedMedia\" itemscope itemtype=\"http:\/\/schema.org\/ImageObject\"> <a href=\"https:\/\/www.svzweckel.de\/?attachment_id=5975\" border=\"0\" itemprop=\"url\"> <meta itemprop=\"width\" content=\"316\"> <meta itemprop=\"height\" content=\"178\"> <img decoding=\"async\" class=\"\" data-attachment-id=\"5975\" data-orig-file=\"https:\/\/www.svzweckel.de\/wp-content\/uploads\/2014\/08\/IMG_2801.jpg\" data-orig-size=\"1024,576\" data-comments-opened=\"1\" data-image-meta=\"{&quot;aperture&quot;:&quot;0&quot;,&quot;credit&quot;:&quot;&quot;,&quot;camera&quot;:&quot;&quot;,&quot;caption&quot;:&quot;&quot;,&quot;created_timestamp&quot;:&quot;0&quot;,&quot;copyright&quot;:&quot;&quot;,&quot;focal_length&quot;:&quot;0&quot;,&quot;iso&quot;:&quot;0&quot;,&quot;shutter_speed&quot;:&quot;0&quot;,&quot;title&quot;:&quot;&quot;,&quot;orientation&quot;:&quot;0&quot;}\" data-image-title=\"Fu\u00dfballkindergarten\" data-image-description=\"\" data-medium-file=\"https:\/\/i0.wp.com\/www.svzweckel.de\/wp-content\/uploads\/2014\/08\/IMG_2801.jpg?fit=300%2C169&#038;ssl=1\" data-large-file=\"https:\/\/i0.wp.com\/www.svzweckel.de\/wp-content\/uploads\/2014\/08\/IMG_2801.jpg?fit=640%2C360&#038;ssl=1\" src=\"https:\/\/i0.wp.com\/www.svzweckel.de\/wp-content\/uploads\/2014\/08\/IMG_2801.jpg?w=316&#038;h=178&#038;ssl=1\" srcset=\"https:\/\/i0.wp.com\/www.svzweckel.de\/wp-content\/uploads\/2014\/08\/IMG_2801.jpg?w=1024&amp;ssl=1 1024w, https:\/\/i0.wp.com\/www.svzweckel.de\/wp-content\/uploads\/2014\/08\/IMG_2801.jpg?resize=300%2C169&amp;ssl=1 300w, https:\/\/i0.wp.com\/www.svzweckel.de\/wp-content\/uploads\/2014\/08\/IMG_2801.jpg?resize=768%2C432&amp;ssl=1 768w, https:\/\/i0.wp.com\/www.svzweckel.de\/wp-content\/uploads\/2014\/08\/IMG_2801.jpg?resize=640%2C360&amp;ssl=1 640w, https:\/\/i0.wp.com\/www.svzweckel.de\/wp-content\/uploads\/2014\/08\/IMG_2801.jpg?resize=150%2C84&amp;ssl=1 150w, https:\/\/i0.wp.com\/www.svzweckel.de\/wp-content\/uploads\/2014\/08\/IMG_2801.jpg?resize=100%2C56&amp;ssl=1 100w, https:\/\/i0.wp.com\/www.svzweckel.de\/wp-content\/uploads\/2014\/08\/IMG_2801.jpg?resize=50%2C28&amp;ssl=1 50w, https:\/\/i0.wp.com\/www.svzweckel.de\/wp-content\/uploads\/2014\/08\/IMG_2801.jpg?resize=25%2C14&amp;ssl=1 25w, https:\/\/i0.wp.com\/www.svzweckel.de\/wp-content\/uploads\/2014\/08\/IMG_2801.jpg?resize=569%2C320&amp;ssl=1 569w, https:\/\/i0.wp.com\/www.svzweckel.de\/wp-content\/uploads\/2014\/08\/IMG_2801.jpg?resize=160%2C90&amp;ssl=1 160w\" width=\"316\" height=\"178\" loading=\"lazy\" data-original-width=\"316\" data-original-height=\"178\" itemprop=\"http:\/\/schema.org\/image\" title=\"Fu\u00dfballkindergarten\" alt=\"Fu\u00dfballkindergarten\" style=\"width: 316px; height: 178px;\" \/> <\/a> <\/div> <\/div> <!-- close group --> <div class=\"gallery-group images-1\" style=\"width: 320px; height: 182px;\" data-original-width=\"320\" data-original-height=\"182\" > <div class=\"tiled-gallery-item tiled-gallery-item-large\" itemprop=\"associatedMedia\" itemscope itemtype=\"http:\/\/schema.org\/ImageObject\"> <a href=\"https:\/\/www.svzweckel.de\/?attachment_id=5974\" border=\"0\" itemprop=\"url\"> <meta itemprop=\"width\" content=\"316\"> <meta itemprop=\"height\" content=\"178\"> <img decoding=\"async\" class=\"\" data-attachment-id=\"5974\" data-orig-file=\"https:\/\/www.svzweckel.de\/wp-content\/uploads\/2014\/08\/IMG_2800.jpg\" data-orig-size=\"1024,576\" data-comments-opened=\"1\" data-image-meta=\"{&quot;aperture&quot;:&quot;0&quot;,&quot;credit&quot;:&quot;&quot;,&quot;camera&quot;:&quot;&quot;,&quot;caption&quot;:&quot;&quot;,&quot;created_timestamp&quot;:&quot;0&quot;,&quot;copyright&quot;:&quot;&quot;,&quot;focal_length&quot;:&quot;0&quot;,&quot;iso&quot;:&quot;0&quot;,&quot;shutter_speed&quot;:&quot;0&quot;,&quot;title&quot;:&quot;&quot;,&quot;orientation&quot;:&quot;0&quot;}\" data-image-title=\"Fu\u00dfballkindergarten\" data-image-description=\"\" data-medium-file=\"https:\/\/i0.wp.com\/www.svzweckel.de\/wp-content\/uploads\/2014\/08\/IMG_2800.jpg?fit=300%2C169&#038;ssl=1\" data-large-file=\"https:\/\/i0.wp.com\/www.svzweckel.de\/wp-content\/uploads\/2014\/08\/IMG_2800.jpg?fit=640%2C360&#038;ssl=1\" src=\"https:\/\/i0.wp.com\/www.svzweckel.de\/wp-content\/uploads\/2014\/08\/IMG_2800.jpg?w=316&#038;h=178&#038;ssl=1\" srcset=\"https:\/\/i0.wp.com\/www.svzweckel.de\/wp-content\/uploads\/2014\/08\/IMG_2800.jpg?w=1024&amp;ssl=1 1024w, https:\/\/i0.wp.com\/www.svzweckel.de\/wp-content\/uploads\/2014\/08\/IMG_2800.jpg?resize=300%2C169&amp;ssl=1 300w, https:\/\/i0.wp.com\/www.svzweckel.de\/wp-content\/uploads\/2014\/08\/IMG_2800.jpg?resize=768%2C432&amp;ssl=1 768w, https:\/\/i0.wp.com\/www.svzweckel.de\/wp-content\/uploads\/2014\/08\/IMG_2800.jpg?resize=640%2C360&amp;ssl=1 640w, https:\/\/i0.wp.com\/www.svzweckel.de\/wp-content\/uploads\/2014\/08\/IMG_2800.jpg?resize=150%2C84&amp;ssl=1 150w, https:\/\/i0.wp.com\/www.svzweckel.de\/wp-content\/uploads\/2014\/08\/IMG_2800.jpg?resize=100%2C56&amp;ssl=1 100w, https:\/\/i0.wp.com\/www.svzweckel.de\/wp-content\/uploads\/2014\/08\/IMG_2800.jpg?resize=50%2C28&amp;ssl=1 50w, https:\/\/i0.wp.com\/www.svzweckel.de\/wp-content\/uploads\/2014\/08\/IMG_2800.jpg?resize=25%2C14&amp;ssl=1 25w, https:\/\/i0.wp.com\/www.svzweckel.de\/wp-content\/uploads\/2014\/08\/IMG_2800.jpg?resize=569%2C320&amp;ssl=1 569w, https:\/\/i0.wp.com\/www.svzweckel.de\/wp-content\/uploads\/2014\/08\/IMG_2800.jpg?resize=160%2C90&amp;ssl=1 160w\" width=\"316\" height=\"178\" loading=\"lazy\" data-original-width=\"316\" data-original-height=\"178\" itemprop=\"http:\/\/schema.org\/image\" title=\"Fu\u00dfballkindergarten\" alt=\"Fu\u00dfballkindergarten\" style=\"width: 316px; height: 178px;\" \/> <\/a> <\/div> <\/div> <!-- close group --> <\/div> <!-- close row --> <div class=\"gallery-row\" style=\"width: 640px; height: 182px;\" data-original-width=\"640\" data-original-height=\"182\" > <div class=\"gallery-group images-1\" style=\"width: 320px; height: 182px;\" data-original-width=\"320\" data-original-height=\"182\" > <div class=\"tiled-gallery-item tiled-gallery-item-large\" itemprop=\"associatedMedia\" itemscope itemtype=\"http:\/\/schema.org\/ImageObject\"> <a href=\"https:\/\/www.svzweckel.de\/?attachment_id=5973\" border=\"0\" itemprop=\"url\"> <meta itemprop=\"width\" content=\"316\"> <meta itemprop=\"height\" content=\"178\"> <img decoding=\"async\" class=\"\" data-attachment-id=\"5973\" data-orig-file=\"https:\/\/www.svzweckel.de\/wp-content\/uploads\/2014\/08\/IMG_2799.jpg\" data-orig-size=\"1024,576\" data-comments-opened=\"1\" data-image-meta=\"{&quot;aperture&quot;:&quot;0&quot;,&quot;credit&quot;:&quot;&quot;,&quot;camera&quot;:&quot;&quot;,&quot;caption&quot;:&quot;&quot;,&quot;created_timestamp&quot;:&quot;0&quot;,&quot;copyright&quot;:&quot;&quot;,&quot;focal_length&quot;:&quot;0&quot;,&quot;iso&quot;:&quot;0&quot;,&quot;shutter_speed&quot;:&quot;0&quot;,&quot;title&quot;:&quot;&quot;,&quot;orientation&quot;:&quot;0&quot;}\" data-image-title=\"Fu\u00dfballkindergarten\" data-image-description=\"\" data-medium-file=\"https:\/\/i0.wp.com\/www.svzweckel.de\/wp-content\/uploads\/2014\/08\/IMG_2799.jpg?fit=300%2C169&#038;ssl=1\" data-large-file=\"https:\/\/i0.wp.com\/www.svzweckel.de\/wp-content\/uploads\/2014\/08\/IMG_2799.jpg?fit=640%2C360&#038;ssl=1\" src=\"https:\/\/i0.wp.com\/www.svzweckel.de\/wp-content\/uploads\/2014\/08\/IMG_2799.jpg?w=316&#038;h=178&#038;ssl=1\" srcset=\"https:\/\/i0.wp.com\/www.svzweckel.de\/wp-content\/uploads\/2014\/08\/IMG_2799.jpg?w=1024&amp;ssl=1 1024w, https:\/\/i0.wp.com\/www.svzweckel.de\/wp-content\/uploads\/2014\/08\/IMG_2799.jpg?resize=300%2C169&amp;ssl=1 300w, https:\/\/i0.wp.com\/www.svzweckel.de\/wp-content\/uploads\/2014\/08\/IMG_2799.jpg?resize=768%2C432&amp;ssl=1 768w, https:\/\/i0.wp.com\/www.svzweckel.de\/wp-content\/uploads\/2014\/08\/IMG_2799.jpg?resize=640%2C360&amp;ssl=1 640w, https:\/\/i0.wp.com\/www.svzweckel.de\/wp-content\/uploads\/2014\/08\/IMG_2799.jpg?resize=150%2C84&amp;ssl=1 150w, https:\/\/i0.wp.com\/www.svzweckel.de\/wp-content\/uploads\/2014\/08\/IMG_2799.jpg?resize=100%2C56&amp;ssl=1 100w, https:\/\/i0.wp.com\/www.svzweckel.de\/wp-content\/uploads\/2014\/08\/IMG_2799.jpg?resize=50%2C28&amp;ssl=1 50w, https:\/\/i0.wp.com\/www.svzweckel.de\/wp-content\/uploads\/2014\/08\/IMG_2799.jpg?resize=25%2C14&amp;ssl=1 25w, https:\/\/i0.wp.com\/www.svzweckel.de\/wp-content\/uploads\/2014\/08\/IMG_2799.jpg?resize=569%2C320&amp;ssl=1 569w, https:\/\/i0.wp.com\/www.svzweckel.de\/wp-content\/uploads\/2014\/08\/IMG_2799.jpg?resize=160%2C90&amp;ssl=1 160w\" width=\"316\" height=\"178\" loading=\"lazy\" data-original-width=\"316\" data-original-height=\"178\" itemprop=\"http:\/\/schema.org\/image\" title=\"Fu\u00dfballkindergarten\" alt=\"Fu\u00dfballkindergarten\" style=\"width: 316px; height: 178px;\" \/> <\/a> <\/div> <\/div> <!-- close group --> <div class=\"gallery-group images-1\" style=\"width: 320px; height: 182px;\" data-original-width=\"320\" data-original-height=\"182\" > <div class=\"tiled-gallery-item tiled-gallery-item-large\" itemprop=\"associatedMedia\" itemscope itemtype=\"http:\/\/schema.org\/ImageObject\"> <a href=\"https:\/\/www.svzweckel.de\/?attachment_id=5972\" border=\"0\" itemprop=\"url\"> <meta itemprop=\"width\" content=\"316\"> <meta itemprop=\"height\" content=\"178\"> <img decoding=\"async\" class=\"\" data-attachment-id=\"5972\" data-orig-file=\"https:\/\/www.svzweckel.de\/wp-content\/uploads\/2014\/08\/IMG_2798.jpg\" data-orig-size=\"1024,576\" data-comments-opened=\"1\" data-image-meta=\"{&quot;aperture&quot;:&quot;0&quot;,&quot;credit&quot;:&quot;&quot;,&quot;camera&quot;:&quot;&quot;,&quot;caption&quot;:&quot;&quot;,&quot;created_timestamp&quot;:&quot;0&quot;,&quot;copyright&quot;:&quot;&quot;,&quot;focal_length&quot;:&quot;0&quot;,&quot;iso&quot;:&quot;0&quot;,&quot;shutter_speed&quot;:&quot;0&quot;,&quot;title&quot;:&quot;&quot;,&quot;orientation&quot;:&quot;0&quot;}\" data-image-title=\"Fu\u00dfballkindergarten\" data-image-description=\"\" data-medium-file=\"https:\/\/i0.wp.com\/www.svzweckel.de\/wp-content\/uploads\/2014\/08\/IMG_2798.jpg?fit=300%2C169&#038;ssl=1\" data-large-file=\"https:\/\/i0.wp.com\/www.svzweckel.de\/wp-content\/uploads\/2014\/08\/IMG_2798.jpg?fit=640%2C360&#038;ssl=1\" src=\"https:\/\/i0.wp.com\/www.svzweckel.de\/wp-content\/uploads\/2014\/08\/IMG_2798.jpg?w=316&#038;h=178&#038;ssl=1\" srcset=\"https:\/\/i0.wp.com\/www.svzweckel.de\/wp-content\/uploads\/2014\/08\/IMG_2798.jpg?w=1024&amp;ssl=1 1024w, https:\/\/i0.wp.com\/www.svzweckel.de\/wp-content\/uploads\/2014\/08\/IMG_2798.jpg?resize=300%2C169&amp;ssl=1 300w, https:\/\/i0.wp.com\/www.svzweckel.de\/wp-content\/uploads\/2014\/08\/IMG_2798.jpg?resize=768%2C432&amp;ssl=1 768w, https:\/\/i0.wp.com\/www.svzweckel.de\/wp-content\/uploads\/2014\/08\/IMG_2798.jpg?resize=640%2C360&amp;ssl=1 640w, https:\/\/i0.wp.com\/www.svzweckel.de\/wp-content\/uploads\/2014\/08\/IMG_2798.jpg?resize=150%2C84&amp;ssl=1 150w, https:\/\/i0.wp.com\/www.svzweckel.de\/wp-content\/uploads\/2014\/08\/IMG_2798.jpg?resize=100%2C56&amp;ssl=1 100w, https:\/\/i0.wp.com\/www.svzweckel.de\/wp-content\/uploads\/2014\/08\/IMG_2798.jpg?resize=50%2C28&amp;ssl=1 50w, https:\/\/i0.wp.com\/www.svzweckel.de\/wp-content\/uploads\/2014\/08\/IMG_2798.jpg?resize=25%2C14&amp;ssl=1 25w, https:\/\/i0.wp.com\/www.svzweckel.de\/wp-content\/uploads\/2014\/08\/IMG_2798.jpg?resize=569%2C320&amp;ssl=1 569w, https:\/\/i0.wp.com\/www.svzweckel.de\/wp-content\/uploads\/2014\/08\/IMG_2798.jpg?resize=160%2C90&amp;ssl=1 160w\" width=\"316\" height=\"178\" loading=\"lazy\" data-original-width=\"316\" data-original-height=\"178\" itemprop=\"http:\/\/schema.org\/image\" title=\"Fu\u00dfballkindergarten\" alt=\"Fu\u00dfballkindergarten\" style=\"width: 316px; height: 178px;\" \/> <\/a> <\/div> <\/div> <!-- close group --> <\/div> <!-- close row --> <div class=\"gallery-row\" style=\"width: 640px; height: 362px;\" data-original-width=\"640\" data-original-height=\"362\" > <div class=\"gallery-group images-1\" style=\"width: 640px; height: 362px;\" data-original-width=\"640\" data-original-height=\"362\" > <div class=\"tiled-gallery-item tiled-gallery-item-large\" itemprop=\"associatedMedia\" itemscope itemtype=\"http:\/\/schema.org\/ImageObject\"> <a href=\"https:\/\/www.svzweckel.de\/?attachment_id=5971\" border=\"0\" itemprop=\"url\"> <meta itemprop=\"width\" content=\"636\"> <meta itemprop=\"height\" content=\"358\"> <img decoding=\"async\" class=\"\" data-attachment-id=\"5971\" data-orig-file=\"https:\/\/www.svzweckel.de\/wp-content\/uploads\/2014\/08\/IMG_2797.jpg\" data-orig-size=\"1024,576\" data-comments-opened=\"1\" data-image-meta=\"{&quot;aperture&quot;:&quot;0&quot;,&quot;credit&quot;:&quot;&quot;,&quot;camera&quot;:&quot;&quot;,&quot;caption&quot;:&quot;&quot;,&quot;created_timestamp&quot;:&quot;0&quot;,&quot;copyright&quot;:&quot;&quot;,&quot;focal_length&quot;:&quot;0&quot;,&quot;iso&quot;:&quot;0&quot;,&quot;shutter_speed&quot;:&quot;0&quot;,&quot;title&quot;:&quot;&quot;,&quot;orientation&quot;:&quot;0&quot;}\" data-image-title=\"Fu\u00dfballkindergarten\" data-image-description=\"\" data-medium-file=\"https:\/\/i0.wp.com\/www.svzweckel.de\/wp-content\/uploads\/2014\/08\/IMG_2797.jpg?fit=300%2C169&#038;ssl=1\" data-large-file=\"https:\/\/i0.wp.com\/www.svzweckel.de\/wp-content\/uploads\/2014\/08\/IMG_2797.jpg?fit=640%2C360&#038;ssl=1\" src=\"https:\/\/i0.wp.com\/www.svzweckel.de\/wp-content\/uploads\/2014\/08\/IMG_2797.jpg?w=636&#038;h=358&#038;ssl=1\" srcset=\"https:\/\/i0.wp.com\/www.svzweckel.de\/wp-content\/uploads\/2014\/08\/IMG_2797.jpg?w=1024&amp;ssl=1 1024w, https:\/\/i0.wp.com\/www.svzweckel.de\/wp-content\/uploads\/2014\/08\/IMG_2797.jpg?resize=300%2C169&amp;ssl=1 300w, https:\/\/i0.wp.com\/www.svzweckel.de\/wp-content\/uploads\/2014\/08\/IMG_2797.jpg?resize=768%2C432&amp;ssl=1 768w, https:\/\/i0.wp.com\/www.svzweckel.de\/wp-content\/uploads\/2014\/08\/IMG_2797.jpg?resize=640%2C360&amp;ssl=1 640w, https:\/\/i0.wp.com\/www.svzweckel.de\/wp-content\/uploads\/2014\/08\/IMG_2797.jpg?resize=150%2C84&amp;ssl=1 150w, https:\/\/i0.wp.com\/www.svzweckel.de\/wp-content\/uploads\/2014\/08\/IMG_2797.jpg?resize=100%2C56&amp;ssl=1 100w, https:\/\/i0.wp.com\/www.svzweckel.de\/wp-content\/uploads\/2014\/08\/IMG_2797.jpg?resize=50%2C28&amp;ssl=1 50w, https:\/\/i0.wp.com\/www.svzweckel.de\/wp-content\/uploads\/2014\/08\/IMG_2797.jpg?resize=25%2C14&amp;ssl=1 25w, https:\/\/i0.wp.com\/www.svzweckel.de\/wp-content\/uploads\/2014\/08\/IMG_2797.jpg?resize=569%2C320&amp;ssl=1 569w, https:\/\/i0.wp.com\/www.svzweckel.de\/wp-content\/uploads\/2014\/08\/IMG_2797.jpg?resize=160%2C90&amp;ssl=1 160w\" width=\"636\" height=\"358\" loading=\"lazy\" data-original-width=\"636\" data-original-height=\"358\" itemprop=\"http:\/\/schema.org\/image\" title=\"Fu\u00dfballkindergarten\" alt=\"Fu\u00dfballkindergarten\" style=\"width: 636px; height: 358px;\" \/> <\/a> <\/div> <\/div> <!-- close group --> <\/div> <!-- close row --> <\/div>\n","protected":false},"excerpt":{"rendered":"<p>Wie in den vergangenen Jahren bietet der SV Zweckel auch f\u00fcr die kommende Saison 2017\/2018 (nach den Sommerferien) wieder seinen Fussballkindergarten f\u00fcr Jungen und M\u00e4dchen an. Das Angebot richtet sich an alle fu\u00dfballbegeisterten Kindergartenkinder des Jahrgangs 2013. Der Fussballkindergarten findet einmal in der Woche statt und soll den Kindern Spa\u00df an der Bewegung und Freude [&hellip;]<\/p>\n","protected":false},"author":3,"featured_media":5953,"comment_status":"open","ping_status":"open","sticky":false,"template":"","format":"standard","meta":{"_jetpack_memberships_contains_paid_content":false,"footnotes":"","jetpack_publicize_message":"","jetpack_publicize_feature_enabled":true,"jetpack_social_post_already_shared":false,"jetpack_social_options":{"image_generator_settings":{"template":"highway","default_image_id":0,"font":"","enabled":false},"version":2}},"categories":[10],"tags":[],"class_list":["post-8379","post","type-post","status-publish","format-standard","has-post-thumbnail","hentry","category-nachwuchs"],"jetpack_publicize_connections":[],"jetpack_featured_media_url":"https:\/\/i0.wp.com\/www.svzweckel.de\/wp-content\/uploads\/2014\/08\/P1010558.jpg?fit=1024%2C768&ssl=1","jetpack_sharing_enabled":true,"_links":{"self":[{"href":"https:\/\/www.svzweckel.de\/index.php?rest_route=\/wp\/v2\/posts\/8379","targetHints":{"allow":["GET"]}}],"collection":[{"href":"https:\/\/www.svzweckel.de\/index.php?rest_route=\/wp\/v2\/posts"}],"about":[{"href":"https:\/\/www.svzweckel.de\/index.php?rest_route=\/wp\/v2\/types\/post"}],"author":[{"embeddable":true,"href":"https:\/\/www.svzweckel.de\/index.php?rest_route=\/wp\/v2\/users\/3"}],"replies":[{"embeddable":true,"href":"https:\/\/www.svzweckel.de\/index.php?rest_route=%2Fwp%2Fv2%2Fcomments&post=8379"}],"version-history":[{"count":0,"href":"https:\/\/www.svzweckel.de\/index.php?rest_route=\/wp\/v2\/posts\/8379\/revisions"}],"wp:featuredmedia":[{"embeddable":true,"href":"https:\/\/www.svzweckel.de\/index.php?rest_route=\/wp\/v2\/media\/5953"}],"wp:attachment":[{"href":"https:\/\/www.svzweckel.de\/index.php?rest_route=%2Fwp%2Fv2%2Fmedia&parent=8379"}],"wp:term":[{"taxonomy":"category","embeddable":true,"href":"https:\/\/www.svzweckel.de\/index.php?rest_route=%2Fwp%2Fv2%2Fcategories&post=8379"},{"taxonomy":"post_tag","embeddable":true,"href":"https:\/\/www.svzweckel.de\/index.php?rest_route=%2Fwp%2Fv2%2Ftags&post=8379"}],"curies":[{"name":"wp","href":"https:\/\/api.w.org\/{rel}","templated":true}]}}