{"id":8444,"date":"2017-05-22T21:57:35","date_gmt":"2017-05-22T19:57:35","guid":{"rendered":"http:\/\/www.svzweckel.de\/?p=8444"},"modified":"2017-05-22T21:59:02","modified_gmt":"2017-05-22T19:59:02","slug":"die-reserve-hat-sich-gerettet","status":"publish","type":"post","link":"https:\/\/www.svzweckel.de\/?p=8444","title":{"rendered":"Die Reserve hat sich gerettet"},"content":{"rendered":"<p>SV Zweckel &#8211; VfL Grafewald 1:1<\/p>\n<p>Das Gute vorweg: Die Reserve des SV Zweckel spielt auch in der n\u00e4chsten Saison in der Kreisliga A 1.<\/p>\n<p>Die Ausgangslage war klar. Der SV Zweckel brauchte noch einen Punkt um nicht mehr absteigen zu k\u00f6nnen. Der Gast aus Grafenwald wies vor dem Spiel drei Punkte weniger auf als der Gastgeber und wollte auf keinen Fall verlieren.<\/p>\n<p>Bereits nach neuen Minuten stand das Endergebnis fest. Lukas Kratzer traf nach einem Grafenw\u00e4lder Torwartfehler und brachte die Schwarz-Gr\u00fcnen in F\u00fchrung. Mit einem Sonntagsschuss glichen die G\u00e4ste in der neunten Minute aus. Beide Teams wollten den Sieg, wobei der SVZ die besseren Gelegenheiten hatte, aber den Siegtreffer ebenso wenit erzielte wie die W\u00f6ller. Nach dem Unentschieden war bei den Gastgebern der Jubel im K\u00e4fig nat\u00fcrlich gro\u00df, da somit der Nichtabstieg feststand.<\/p>\n<p>Die G\u00e4ste haben mit 24 Punkten lediglich einen Punkt Vorsprung vor Schaffrath und Rentfort II, wobei Schaffrath im letzten Spiel beim Meister in Erle antreten muss. Der BV Rentfort II empf\u00e4ngt die Zweckeler Reserve.<\/p>\n","protected":false},"excerpt":{"rendered":"<p>SV Zweckel &#8211; VfL Grafewald 1:1 Das Gute vorweg: Die Reserve des SV Zweckel spielt auch in der n\u00e4chsten Saison in der Kreisliga A 1. Die Ausgangslage war klar. Der SV Zweckel brauchte noch einen Punkt um nicht mehr absteigen zu k\u00f6nnen. Der Gast aus Grafenwald wies vor dem Spiel drei Punkte weniger auf als [&hellip;]<\/p>\n","protected":false},"author":3,"featured_media":8445,"comment_status":"open","ping_status":"open","sticky":false,"template":"","format":"standard","meta":{"_jetpack_memberships_contains_paid_content":false,"footnotes":"","jetpack_publicize_message":"","jetpack_publicize_feature_enabled":true,"jetpack_social_post_already_shared":false,"jetpack_social_options":{"image_generator_settings":{"template":"highway","default_image_id":0,"font":"","enabled":false},"version":2}},"categories":[20],"tags":[],"class_list":["post-8444","post","type-post","status-publish","format-standard","has-post-thumbnail","hentry","category-2-mannschaft"],"jetpack_publicize_connections":[],"jetpack_featured_media_url":"https:\/\/i0.wp.com\/www.svzweckel.de\/wp-content\/uploads\/2017\/05\/2017-05-20-18.30.11.jpg?fit=1024%2C768&ssl=1","jetpack_sharing_enabled":true,"_links":{"self":[{"href":"https:\/\/www.svzweckel.de\/index.php?rest_route=\/wp\/v2\/posts\/8444","targetHints":{"allow":["GET"]}}],"collection":[{"href":"https:\/\/www.svzweckel.de\/index.php?rest_route=\/wp\/v2\/posts"}],"about":[{"href":"https:\/\/www.svzweckel.de\/index.php?rest_route=\/wp\/v2\/types\/post"}],"author":[{"embeddable":true,"href":"https:\/\/www.svzweckel.de\/index.php?rest_route=\/wp\/v2\/users\/3"}],"replies":[{"embeddable":true,"href":"https:\/\/www.svzweckel.de\/index.php?rest_route=%2Fwp%2Fv2%2Fcomments&post=8444"}],"version-history":[{"count":0,"href":"https:\/\/www.svzweckel.de\/index.php?rest_route=\/wp\/v2\/posts\/8444\/revisions"}],"wp:featuredmedia":[{"embeddable":true,"href":"https:\/\/www.svzweckel.de\/index.php?rest_route=\/wp\/v2\/media\/8445"}],"wp:attachment":[{"href":"https:\/\/www.svzweckel.de\/index.php?rest_route=%2Fwp%2Fv2%2Fmedia&parent=8444"}],"wp:term":[{"taxonomy":"category","embeddable":true,"href":"https:\/\/www.svzweckel.de\/index.php?rest_route=%2Fwp%2Fv2%2Fcategories&post=8444"},{"taxonomy":"post_tag","embeddable":true,"href":"https:\/\/www.svzweckel.de\/index.php?rest_route=%2Fwp%2Fv2%2Ftags&post=8444"}],"curies":[{"name":"wp","href":"https:\/\/api.w.org\/{rel}","templated":true}]}}