{"id":8517,"date":"2017-06-05T18:45:17","date_gmt":"2017-06-05T16:45:17","guid":{"rendered":"http:\/\/www.svzweckel.de\/?p=8517"},"modified":"2017-06-05T18:45:17","modified_gmt":"2017-06-05T16:45:17","slug":"gruss-der-a-junioren-aus-rimini","status":"publish","type":"post","link":"https:\/\/www.svzweckel.de\/?p=8517","title":{"rendered":"Gru\u00df der A-Junioren aus Rimini"},"content":{"rendered":"<p>Die A-Junioren des SV Zweckel bereiten sich \u00fcber Pfingsten bei einem Fu\u00dfballturnier in Rimini auf die kommende Aufstiegsrunde vor.<\/p>\n<p>Die Mannschaft gedachte dabei insbesondere ihres verstorbenen Teamkollegen &#8222;Fredde&#8220; Eing und fand sich zu einem Erinnerungsfoto an der italiensichen Adriak\u00fcste ein.<\/p>\n","protected":false},"excerpt":{"rendered":"<p>Die A-Junioren des SV Zweckel bereiten sich \u00fcber Pfingsten bei einem Fu\u00dfballturnier in Rimini auf die kommende Aufstiegsrunde vor. Die Mannschaft gedachte dabei insbesondere ihres verstorbenen Teamkollegen &#8222;Fredde&#8220; Eing und fand sich zu einem Erinnerungsfoto an der italiensichen Adriak\u00fcste ein.<\/p>\n","protected":false},"author":3,"featured_media":8519,"comment_status":"open","ping_status":"open","sticky":false,"template":"","format":"standard","meta":{"_jetpack_memberships_contains_paid_content":false,"footnotes":"","jetpack_publicize_message":"","jetpack_publicize_feature_enabled":true,"jetpack_social_post_already_shared":false,"jetpack_social_options":{"image_generator_settings":{"template":"highway","default_image_id":0,"font":"","enabled":false},"version":2}},"categories":[26],"tags":[],"class_list":["post-8517","post","type-post","status-publish","format-standard","has-post-thumbnail","hentry","category-a-junioren"],"jetpack_publicize_connections":[],"jetpack_featured_media_url":"https:\/\/i0.wp.com\/www.svzweckel.de\/wp-content\/uploads\/2017\/06\/IMG-20170605-WA0002.jpg?fit=1024%2C768&ssl=1","jetpack_sharing_enabled":true,"_links":{"self":[{"href":"https:\/\/www.svzweckel.de\/index.php?rest_route=\/wp\/v2\/posts\/8517","targetHints":{"allow":["GET"]}}],"collection":[{"href":"https:\/\/www.svzweckel.de\/index.php?rest_route=\/wp\/v2\/posts"}],"about":[{"href":"https:\/\/www.svzweckel.de\/index.php?rest_route=\/wp\/v2\/types\/post"}],"author":[{"embeddable":true,"href":"https:\/\/www.svzweckel.de\/index.php?rest_route=\/wp\/v2\/users\/3"}],"replies":[{"embeddable":true,"href":"https:\/\/www.svzweckel.de\/index.php?rest_route=%2Fwp%2Fv2%2Fcomments&post=8517"}],"version-history":[{"count":0,"href":"https:\/\/www.svzweckel.de\/index.php?rest_route=\/wp\/v2\/posts\/8517\/revisions"}],"wp:featuredmedia":[{"embeddable":true,"href":"https:\/\/www.svzweckel.de\/index.php?rest_route=\/wp\/v2\/media\/8519"}],"wp:attachment":[{"href":"https:\/\/www.svzweckel.de\/index.php?rest_route=%2Fwp%2Fv2%2Fmedia&parent=8517"}],"wp:term":[{"taxonomy":"category","embeddable":true,"href":"https:\/\/www.svzweckel.de\/index.php?rest_route=%2Fwp%2Fv2%2Fcategories&post=8517"},{"taxonomy":"post_tag","embeddable":true,"href":"https:\/\/www.svzweckel.de\/index.php?rest_route=%2Fwp%2Fv2%2Ftags&post=8517"}],"curies":[{"name":"wp","href":"https:\/\/api.w.org\/{rel}","templated":true}]}}