{"id":8532,"date":"2017-06-07T23:06:22","date_gmt":"2017-06-07T21:06:22","guid":{"rendered":"http:\/\/www.svzweckel.de\/?p=8532"},"modified":"2017-06-07T23:25:01","modified_gmt":"2017-06-07T21:25:01","slug":"tobias-meier-ist-neuer-trainer-der-reserve","status":"publish","type":"post","link":"https:\/\/www.svzweckel.de\/?p=8532","title":{"rendered":"Tobias Meier ist neuer Trainer der Reserve"},"content":{"rendered":"<p>Der SV Zweckel hat mit Tobias Meier einen neuen Trainer f\u00fcr die Reserve verpflichtet. Der 38j\u00e4hrige ist beruflich als stellvertretender Gesch\u00e4ftsf\u00fchrer in einem Autohaus in Buer besch\u00e4ftigt.<\/p>\n<p>W\u00e4hrend seiner aktiven Zeit spielte der Inhaber der B-Lizenz in der Bezirks- und Landesliga bei Westfalia Buer und in Essen beim SuS Haarzopf.<\/p>\n<p>Als Trainer sammelte er bisher Erfahrung in der Jugend und bei den Senioren von Westfalia Buer, ehe er nach Essen zum TuS Holsterhausen wechselte. In seiner letzten Trainerstation war er beim B-Ligisten VfB Gelsenkirchen aktiv.<\/p>\n<p>Derzeit ist der neue Coach damit besch\u00e4figt den Kader f\u00fcr die neue Saison zusammenzustellen. Wichtig ist f\u00fcr ihn dabei, dass die Spieler wieder Spa\u00df am Training bekommen und dadurch erfolgreich Fu\u00dfball spielen k\u00f6nnen. Tobias Meier w\u00fcrde sich auch noch \u00fcber die eine oder andere Verst\u00e4rkung freuen, um den in der letzten Saison recht schmalen Kader noch etwas auff\u00fcllen zu k\u00f6nnen.<\/p>\n<p>&nbsp;<\/p>\n","protected":false},"excerpt":{"rendered":"<p>Der SV Zweckel hat mit Tobias Meier einen neuen Trainer f\u00fcr die Reserve verpflichtet. Der 38j\u00e4hrige ist beruflich als stellvertretender Gesch\u00e4ftsf\u00fchrer in einem Autohaus in Buer besch\u00e4ftigt. W\u00e4hrend seiner aktiven Zeit spielte der Inhaber der B-Lizenz in der Bezirks- und Landesliga bei Westfalia Buer und in Essen beim SuS Haarzopf. Als Trainer sammelte er bisher [&hellip;]<\/p>\n","protected":false},"author":3,"featured_media":8533,"comment_status":"open","ping_status":"open","sticky":false,"template":"","format":"standard","meta":{"_jetpack_memberships_contains_paid_content":false,"footnotes":"","jetpack_publicize_message":"","jetpack_publicize_feature_enabled":true,"jetpack_social_post_already_shared":false,"jetpack_social_options":{"image_generator_settings":{"template":"highway","default_image_id":0,"font":"","enabled":false},"version":2}},"categories":[20],"tags":[],"class_list":["post-8532","post","type-post","status-publish","format-standard","has-post-thumbnail","hentry","category-2-mannschaft"],"jetpack_publicize_connections":[],"jetpack_featured_media_url":"https:\/\/i0.wp.com\/www.svzweckel.de\/wp-content\/uploads\/2017\/06\/2017-06-06-20.14.06.jpg?fit=1024%2C768&ssl=1","jetpack_sharing_enabled":true,"_links":{"self":[{"href":"https:\/\/www.svzweckel.de\/index.php?rest_route=\/wp\/v2\/posts\/8532","targetHints":{"allow":["GET"]}}],"collection":[{"href":"https:\/\/www.svzweckel.de\/index.php?rest_route=\/wp\/v2\/posts"}],"about":[{"href":"https:\/\/www.svzweckel.de\/index.php?rest_route=\/wp\/v2\/types\/post"}],"author":[{"embeddable":true,"href":"https:\/\/www.svzweckel.de\/index.php?rest_route=\/wp\/v2\/users\/3"}],"replies":[{"embeddable":true,"href":"https:\/\/www.svzweckel.de\/index.php?rest_route=%2Fwp%2Fv2%2Fcomments&post=8532"}],"version-history":[{"count":0,"href":"https:\/\/www.svzweckel.de\/index.php?rest_route=\/wp\/v2\/posts\/8532\/revisions"}],"wp:featuredmedia":[{"embeddable":true,"href":"https:\/\/www.svzweckel.de\/index.php?rest_route=\/wp\/v2\/media\/8533"}],"wp:attachment":[{"href":"https:\/\/www.svzweckel.de\/index.php?rest_route=%2Fwp%2Fv2%2Fmedia&parent=8532"}],"wp:term":[{"taxonomy":"category","embeddable":true,"href":"https:\/\/www.svzweckel.de\/index.php?rest_route=%2Fwp%2Fv2%2Fcategories&post=8532"},{"taxonomy":"post_tag","embeddable":true,"href":"https:\/\/www.svzweckel.de\/index.php?rest_route=%2Fwp%2Fv2%2Ftags&post=8532"}],"curies":[{"name":"wp","href":"https:\/\/api.w.org\/{rel}","templated":true}]}}