{"id":8538,"date":"2017-06-08T23:34:04","date_gmt":"2017-06-08T21:34:04","guid":{"rendered":"http:\/\/www.svzweckel.de\/?p=8538"},"modified":"2017-06-08T23:34:29","modified_gmt":"2017-06-08T21:34:29","slug":"sv-zweckel-trainer-mike-groth-sagt-dem-fussball-ade-waz-vom-08-06-17","status":"publish","type":"post","link":"https:\/\/www.svzweckel.de\/?p=8538","title":{"rendered":"SV Zweckel: Trainer Mike Groth sagt dem Fu\u00dfball ad\u00e9 (WAZ vom 08.06.17)"},"content":{"rendered":"<p>Zweckels Trainer Mike Groth ballte am vorletzten Spieltag die Faust: Durch ein 1:1 gegen den VfL Grafenwald feierte der SV Zweckel II den Klassenerhalt. Foto: Oliver Mengedoht<br \/>\nDie Fortsetzung folgt im Oktober 2016. Diesmal im Gladbecker Norden. Groth, mittlerweile jahrelang bei den Zweckeler Alten Herren aktiv, soll das Geschaffte noch einmal schaffen. Er \u00fcbernimmt die Zweitvertretung des SV Zweckel am neunten Spieltag auf dem letzten Rang. Am Saisonende steht der zw\u00f6lfte Platz. Klassenerhalt!<br \/>\n2007 \u00fcbernimmt Groth als Trainer Preu\u00dfen Gladbeck III<br \/>\nDie Zeit von Mike Groth an der Linie ist damit beendet. Nach der Rettung zieht sich der Coach aus dem Fu\u00dfball zur\u00fcck. Er sagt: \u201eWenn ich so etwas mache, dann mit Leib und Seele. Mit meinen zwei kleinen Kindern ist das schwierig, alles unter einen Hut zu bekommen. Au\u00dferdem ist mein Lebensmittelpunkt bald vielleicht in einer anderen Stadt.\u201c<br \/>\nMit einer Verletzung f\u00e4ngt alles an. Bei Wacker Gladbeck rei\u00dft er sich das Kreuzband. Er entschlie\u00dft sich, dem Fu\u00dfball treu zu bleiben. Bei SG Preu\u00dfen III ergibt sich 2007 die erste Trainer-Chance. Den Spielbetrieb nehmen seine Jungs und er in der C-Liga nicht ganz so ernst. Doch das \u00e4ndert sich schnell.<br \/>\nAufstiegstraum von Preu\u00dfen Gladbeck erf\u00fcllt sich nicht<br \/>\nAus dem Nichts stecken sie mitten im Abstiegskampf. Mike Groth erinnert sich: \u201eDie Zweite wurde aufgel\u00f6st. Und dann sagte der Vorsitzende Kurt Kaiser: \u201aDu musst jetzt mit deiner Dritten hoch.\u2018 Eigentlich hat da aber niemand wirklich einen Pfifferling auf uns gesetzt.\u201c Der \u00dcbungsleiter weiter: \u201eSo etwas macht Spa\u00df. Einen unangefochtenen Tabellenf\u00fchrer \u00fcbernehmen kann ja jeder. Aber an einer solchen Aufgabe h\u00e4ngt viel mehr dran.\u201c<br \/>\nDer Erfolg, gleichbedeutend mit dem Klassenerhalt, bleibt an der Konrad-Adenauer-Allee nicht unbemerkt. Fortan ist Mike Groth f\u00fcr die erste Mannschaft verantwortlich. Im ersten Jahr wird er Dritter. \u201eDann wollten wir mehr und haben uns gezielt verst\u00e4rkt\u201c, so der Coach. Aber der Aufstiegstraum ist schnell beendet. Groth wird im Winter entlassen. Er sagt: \u201eDas Mannschaftsgef\u00fcge geriet auseinander und dann kam eins zum anderen.\u201c Kein Happy End!<br \/>\nGroth ist ein Jahr lang Assistent von G\u00fcnter Appelt<br \/>\nNachdem er G\u00fcnter Appelt beim SV Zweckel als Co-Trainer ein Jahr lang unterst\u00fctzt, ist die Zweckeler Reserve 2016\/17 seine n\u00e4chste und letzte Station. Keine Sekunde z\u00f6gert er im Oktober, als ihn die Verantwortlichen des SVZ ansprechen, das Traineramt zu \u00fcbernehmen Ein mickriger Z\u00e4hler steht zu diesem Zeitpunkt auf dem Punktekonto der Zweiten. \u201eEs ging darum, zu motivieren. Die Mannschaft war mausetot und hat sich untereinander schon bearbeitet. Als allererstes muss man das Vertrauen erlangen\u201c, sagt Groth.<br \/>\nDer Erfolg bleibt vorerst aus. Erst im vierten Anlauf gibt es die ersten Punkte. Der Rest ist bekannt.<br \/>\nFilme mit Mike Groth an der Linie haben anscheinend stets dasselbe Ende: Klassenerhalt.<\/p>\n","protected":false},"excerpt":{"rendered":"<p>Zweckels Trainer Mike Groth ballte am vorletzten Spieltag die Faust: Durch ein 1:1 gegen den VfL Grafenwald feierte der SV Zweckel II den Klassenerhalt. Foto: Oliver Mengedoht Die Fortsetzung folgt im Oktober 2016. Diesmal im Gladbecker Norden. Groth, mittlerweile jahrelang bei den Zweckeler Alten Herren aktiv, soll das Geschaffte noch einmal schaffen. Er \u00fcbernimmt die [&hellip;]<\/p>\n","protected":false},"author":3,"featured_media":8539,"comment_status":"open","ping_status":"open","sticky":false,"template":"","format":"standard","meta":{"_jetpack_memberships_contains_paid_content":false,"footnotes":"","jetpack_publicize_message":"","jetpack_publicize_feature_enabled":true,"jetpack_social_post_already_shared":false,"jetpack_social_options":{"image_generator_settings":{"template":"highway","default_image_id":0,"font":"","enabled":false},"version":2}},"categories":[20],"tags":[],"class_list":["post-8538","post","type-post","status-publish","format-standard","has-post-thumbnail","hentry","category-2-mannschaft"],"jetpack_publicize_connections":[],"jetpack_featured_media_url":"https:\/\/i0.wp.com\/www.svzweckel.de\/wp-content\/uploads\/2017\/06\/Groth.jpg?fit=940%2C450&ssl=1","jetpack_sharing_enabled":true,"_links":{"self":[{"href":"https:\/\/www.svzweckel.de\/index.php?rest_route=\/wp\/v2\/posts\/8538","targetHints":{"allow":["GET"]}}],"collection":[{"href":"https:\/\/www.svzweckel.de\/index.php?rest_route=\/wp\/v2\/posts"}],"about":[{"href":"https:\/\/www.svzweckel.de\/index.php?rest_route=\/wp\/v2\/types\/post"}],"author":[{"embeddable":true,"href":"https:\/\/www.svzweckel.de\/index.php?rest_route=\/wp\/v2\/users\/3"}],"replies":[{"embeddable":true,"href":"https:\/\/www.svzweckel.de\/index.php?rest_route=%2Fwp%2Fv2%2Fcomments&post=8538"}],"version-history":[{"count":0,"href":"https:\/\/www.svzweckel.de\/index.php?rest_route=\/wp\/v2\/posts\/8538\/revisions"}],"wp:featuredmedia":[{"embeddable":true,"href":"https:\/\/www.svzweckel.de\/index.php?rest_route=\/wp\/v2\/media\/8539"}],"wp:attachment":[{"href":"https:\/\/www.svzweckel.de\/index.php?rest_route=%2Fwp%2Fv2%2Fmedia&parent=8538"}],"wp:term":[{"taxonomy":"category","embeddable":true,"href":"https:\/\/www.svzweckel.de\/index.php?rest_route=%2Fwp%2Fv2%2Fcategories&post=8538"},{"taxonomy":"post_tag","embeddable":true,"href":"https:\/\/www.svzweckel.de\/index.php?rest_route=%2Fwp%2Fv2%2Ftags&post=8538"}],"curies":[{"name":"wp","href":"https:\/\/api.w.org\/{rel}","templated":true}]}}