{"id":8652,"date":"2017-06-16T21:14:07","date_gmt":"2017-06-16T19:14:07","guid":{"rendered":"http:\/\/www.svzweckel.de\/?p=8652"},"modified":"2017-06-16T21:14:42","modified_gmt":"2017-06-16T19:14:42","slug":"zweckeler-a-junioren-empfangen-den-vfb-boernig-aus-herne-waz-vom-16-06-17","status":"publish","type":"post","link":"https:\/\/www.svzweckel.de\/?p=8652","title":{"rendered":"Zweckeler A-Junioren empfangen den VfB B\u00f6rnig aus Herne (WAZ vom 16.06.17)"},"content":{"rendered":"<p>In der Aufstiegsrunde zur A-Jugend-Bezirksliga empf\u00e4ngt der SV Zweckel den VfB B\u00f6rnig. Warum es laut SVZ-Coach Naas keine Verlierer mehr gibt.<\/p>\n<p>Seit dem 7. Mai steht es bereits fest: Die A-Junioren des SV Zweckel nehmen ein Jahr nach dem Bezirksliga-Abstieg wieder an der Aufstiegsrunde teil. Die Meisterschaft mit 18 Punkten Vorsprung k\u00f6nnte mit dem Wiederaufstieg also gekr\u00f6nt werden.<\/p>\n<p>SVZ-Trainer Tobias Naas ist jedoch \u00fcber den Modus nicht sonderlich erfreut: \u201eDie Aufstiegsrunde ist eine Bestrafung. Das sehen alle Trainer gleich. Nach einer kn\u00fcppelharten Saison muss man noch einmal gegen vier starke Gegner ran.\u201c<\/p>\n<p><strong>Gegner ist der Meister des Kreises Herne <\/strong><\/p>\n<p>Diese stehen endg\u00fcltig fest. In den anderen Kreisen hatte sich der Meisterschaftskampf teilweise erst am letzten Spieltag entschieden. <a href=\"http:\/\/www.fussball.de\/spieltagsuebersicht\/aufstiegsrunde-staffel-5-bezirk-westfalen-a-junioren-aufbauklasse-a-junioren-saison1617-westfalen\/-\/staffel\/01SJMPG9DG000004VS54898EVT9SILN7-G#%21\/section\/stage\">Gegner der Zweckeler sind der VfB B\u00f6rnig, die Hammer SpVgg II, SpVgg Hagen und Menden United.<\/a><\/p>\n<p>Naas: \u201eDas sind vier richtig knackige Gegner. Wir k\u00f6nnen ganz ohne Druck da rein gehen. Aufsteigen wollen bekanntlich alle.\u201c Los gehen soll es am Sonntag gegen den VfB B\u00f6rnig um 11 Uhr. Allerdings ist noch ungekl\u00e4rt wo, weil beide Pl\u00e4tze in Zweckel gesperrt sind. Es wird wohl in Preu\u00dfen an der Konrad-Adenauer-Allee gespielt.<\/p>\n<p><strong>In der R\u00fcckrunde bleibt der SVZ ohne Niederlage<\/strong><\/p>\n<p>Coach Naas hatte das Team im Winter von Mike Theis \u00fcbernommen. Damals hatten die Zweckeler einen Punkt Vorsprung vor Verfolger FSM Gladbeck. Weil mehrere FSM-Spieler wegen eines Vorfall bei einem Hallenturnier gesperrt worden sind, kristallisierten sich in der R\u00fcckrunde ETuS Bismarck und der VfL Grafenwald als die Konkurrenten heraus.<\/p>\n<p>Die Gladbecker haben aber kein Spiel mehr verloren. Endg\u00fcltig haben sie die Meisterschaft binnen weniger Tage klar gemacht. \u201eDie Herkules-Woche\u201c, so der Coach. Vier Siege aus vier Spielen in elf Tagen, darunter ein 4:0 in Bismarck und ein 3:1 in Grafenwald, lie\u00dfen die Feierwochen in Zweckel beginnen. Die Meisterschaft war f\u00fcnf Spieltage vor Schluss fix.<\/p>\n<p><strong>Trainer Naas blickt der Aufstiegsrunde positiv entgegen<\/strong><\/p>\n<p>Schon in der letzten Saison k\u00e4mpfte Tobias Naas mit seiner B-Jugend in der Aufstiegsrunde um die Teilnahme an der Bezirksliga. Ein Z\u00e4hler fehlte letztlich, um aufzusteigen. Dazu sagt er: \u201eEs kann vielleicht ein Vorteil sein, dass es f\u00fcr viele nicht das erste Mal ist. Vor allem f\u00fcr die Psyche.\u201c Noch eine Sache stimmt ihn besonders positiv. Vor allem, wenn er an die entscheidende Meisterwoche denkt.<\/p>\n<p>\u201eWenn es auf den Punkt Leistung brauchte, haben wir sie immer gebracht. Wir haben eine gute Konkurrenzsituation und k\u00f6nnen auf verschiedene Situationen im Spiel reagieren.\u201c Das hat auch mit der Umstellung zur R\u00fcckrunde zu tun.<\/p>\n<p><strong>Vier B-Junioren helfen schon l\u00e4nger beim SVZ aus<\/strong><\/p>\n<p>Unter Mike Theis war der Kader sehr klein. Meistens sind die Gladbecker nur mit 13, 14 Akteuren zu den Spielen gereist. Seit Beginn der zweiten Halbserie sind vier B-Jugendspieler zusammen mit Tobias Naas hochgezogen worden. \u201eEs w\u00e4re schon eine Entt\u00e4uschung gewesen, wenn wir nach der Saison nicht ganz oben gestanden w\u00e4ren. Gerade wenn man mitbekommen hat, was bei FSM los war. Ich denke, durch die Spieler, die dazu gekommen sind, sind wir noch unberechenbarer geworden. Zwangsl\u00e4ufig wird dann der Kreis der Verfolger kleiner.\u201c<\/p>\n<p>Gegen den <a href=\"http:\/\/www.vfbboernig1919.de\/?c=3&amp;PHPSESSID=e58abe8eaa522c7876d5ca079f644af1\">VfB B\u00f6rnig <\/a>startet der SVZ in die ungeliebte Aufstiegsrunde mit einem Heimspiel. Der VfB ist Meister im Kreis Herne. Naas: \u201eDie Aufstiegsrunde sehen wir aber auch als eine Herausforderung. Es geht nur gegen starke Gegner und es gibt keine Verlierer. Denn alle haben den ehrlichsten Titel, die Meisterschaft, schon gewonnen.\u201c<\/p>\n","protected":false},"excerpt":{"rendered":"<p>In der Aufstiegsrunde zur A-Jugend-Bezirksliga empf\u00e4ngt der SV Zweckel den VfB B\u00f6rnig. Warum es laut SVZ-Coach Naas keine Verlierer mehr gibt. Seit dem 7. Mai steht es bereits fest: Die A-Junioren des SV Zweckel nehmen ein Jahr nach dem Bezirksliga-Abstieg wieder an der Aufstiegsrunde teil. Die Meisterschaft mit 18 Punkten Vorsprung k\u00f6nnte mit dem Wiederaufstieg [&hellip;]<\/p>\n","protected":false},"author":3,"featured_media":8654,"comment_status":"open","ping_status":"open","sticky":false,"template":"","format":"standard","meta":{"_jetpack_memberships_contains_paid_content":false,"footnotes":"","jetpack_publicize_message":"","jetpack_publicize_feature_enabled":true,"jetpack_social_post_already_shared":false,"jetpack_social_options":{"image_generator_settings":{"template":"highway","default_image_id":0,"font":"","enabled":false},"version":2}},"categories":[26],"tags":[],"class_list":["post-8652","post","type-post","status-publish","format-standard","has-post-thumbnail","hentry","category-a-junioren"],"jetpack_publicize_connections":[],"jetpack_featured_media_url":"https:\/\/i0.wp.com\/www.svzweckel.de\/wp-content\/uploads\/2017\/06\/A-Junioren.jpg?fit=940%2C450&ssl=1","jetpack_sharing_enabled":true,"_links":{"self":[{"href":"https:\/\/www.svzweckel.de\/index.php?rest_route=\/wp\/v2\/posts\/8652","targetHints":{"allow":["GET"]}}],"collection":[{"href":"https:\/\/www.svzweckel.de\/index.php?rest_route=\/wp\/v2\/posts"}],"about":[{"href":"https:\/\/www.svzweckel.de\/index.php?rest_route=\/wp\/v2\/types\/post"}],"author":[{"embeddable":true,"href":"https:\/\/www.svzweckel.de\/index.php?rest_route=\/wp\/v2\/users\/3"}],"replies":[{"embeddable":true,"href":"https:\/\/www.svzweckel.de\/index.php?rest_route=%2Fwp%2Fv2%2Fcomments&post=8652"}],"version-history":[{"count":0,"href":"https:\/\/www.svzweckel.de\/index.php?rest_route=\/wp\/v2\/posts\/8652\/revisions"}],"wp:featuredmedia":[{"embeddable":true,"href":"https:\/\/www.svzweckel.de\/index.php?rest_route=\/wp\/v2\/media\/8654"}],"wp:attachment":[{"href":"https:\/\/www.svzweckel.de\/index.php?rest_route=%2Fwp%2Fv2%2Fmedia&parent=8652"}],"wp:term":[{"taxonomy":"category","embeddable":true,"href":"https:\/\/www.svzweckel.de\/index.php?rest_route=%2Fwp%2Fv2%2Fcategories&post=8652"},{"taxonomy":"post_tag","embeddable":true,"href":"https:\/\/www.svzweckel.de\/index.php?rest_route=%2Fwp%2Fv2%2Ftags&post=8652"}],"curies":[{"name":"wp","href":"https:\/\/api.w.org\/{rel}","templated":true}]}}