{"id":8680,"date":"2017-06-20T16:44:26","date_gmt":"2017-06-20T14:44:26","guid":{"rendered":"http:\/\/www.svzweckel.de\/?p=8680"},"modified":"2017-06-20T22:09:38","modified_gmt":"2017-06-20T20:09:38","slug":"weitere-busfahrten-zu-den-aufstiegsrundenspielen-der-a-und-d-junioren","status":"publish","type":"post","link":"https:\/\/www.svzweckel.de\/?p=8680","title":{"rendered":"Weitere Busfahrten zu den Aufstiegsrundenspielen der A- und D-Junioren"},"content":{"rendered":"<h5><span style=\"color: #008000;\"><strong>Termine Aufstiegsrunde A-Junioren<\/strong><\/span><\/h5>\n<p>Sonntag, 25.06.2017, \u00a011:00 Uhr<\/p>\n<p style=\"text-align: left;\">SV Zweckel 23\u00a0&#8211; SpVG Hagen 1911<br \/>\n(&#8222;Zweckler K\u00e4fig&#8220;)<\/p>\n<p>&nbsp;<\/p>\n<p>Sonntag, 02.07.2017, \u00a011:00 Uhr<\/p>\n<p>Menden United &#8211; SV Zweckel 23<br \/>\n(Max-Becker-Sportpark, Walzweg 59, 58710 Menden (Sauerland)<\/p>\n<p>&nbsp;<\/p>\n<h5><strong><span style=\"color: #008000;\">Termine Aufstiegsrunde D-Junioren<\/span><\/strong><\/h5>\n<p>Dienstag, 20.06.2017, 18:00 Uhr<\/p>\n<p>SV Zweckel 23 &#8211; SV Wanne 1911<br \/>\n(&#8222;Zweckler K\u00e4fig&#8220;)<\/p>\n<p>&nbsp;<\/p>\n<p>Samstag, 24.06.2017, \u00a013;30 Uhr<\/p>\n<p>SV Zweckel 23 &#8211; FC Altenbochum<br \/>\n(&#8222;Zweckler K\u00e4fig&#8220;)<\/p>\n<p>&nbsp;<\/p>\n<p>Dienstag, 27.06.2107, \u00a018:00 Uhr<\/p>\n<p>SV Westfalia Gemen &#8211; SV Zweckel 23<br \/>\n(SA Borken-Gemen III, Coesfelder Str. 13, 46325 Borken)<\/p>\n<p>&nbsp;<\/p>\n<p>Samstag, 01.07.2017,\u00a0 13.30 Uhr<\/p>\n<p>SV Zweckel 23 &#8211; SG Bockum-H\u00f6vel 2013<br \/>\n(&#8222;Zweckler K\u00e4fig&#8220;)<\/p>\n<p>&nbsp;<\/p>\n<p><strong>Es wurden Busse organisiert, die zu den\u00a0weiteren Ausw\u00e4rtsspielen der A- und D-Junioren fahren.<\/strong><\/p>\n<p>Es k\u00f6nnen gerne auch bei diesen Fahrten einige Fans und Anh\u00e4nger mitfahren, es sind noch Pl\u00e4tze zu vergeben!<\/p>\n<p><strong>Ein &#8222;Ticket&#8220; (Hin- und R\u00fcckfahrt) kostet 10,00 EUR. Diese sind bei Einstieg in den Bus zu entrichten.<\/strong><\/p>\n<p>Da die Anzahl an Mitfahrgelegenheiten auch hier begrenzt ist, bitten wir um vorherige Mitteilung \u00fcber die Mitfahrt.<\/p>\n<p><strong>Eine Liste liegt ab heute Nachmittag im Jugendb\u00fcro und im Vereinsheim aus!<\/strong><\/p>\n<p>Unsere Jungs freuen sich \u00fcber jede Unterst\u00fctzung!!!<\/p>\n","protected":false},"excerpt":{"rendered":"<p>Termine Aufstiegsrunde A-Junioren Sonntag, 25.06.2017, \u00a011:00 Uhr SV Zweckel 23\u00a0&#8211; SpVG Hagen 1911 (&#8222;Zweckler K\u00e4fig&#8220;) &nbsp; Sonntag, 02.07.2017, \u00a011:00 Uhr Menden United &#8211; SV Zweckel 23 (Max-Becker-Sportpark, Walzweg 59, 58710 Menden (Sauerland) &nbsp; Termine Aufstiegsrunde D-Junioren Dienstag, 20.06.2017, 18:00 Uhr SV Zweckel 23 &#8211; SV Wanne 1911 (&#8222;Zweckler K\u00e4fig&#8220;) &nbsp; Samstag, 24.06.2017, \u00a013;30 Uhr SV [&hellip;]<\/p>\n","protected":false},"author":3,"featured_media":8691,"comment_status":"open","ping_status":"open","sticky":false,"template":"","format":"standard","meta":{"_jetpack_memberships_contains_paid_content":false,"footnotes":"","jetpack_publicize_message":"","jetpack_publicize_feature_enabled":true,"jetpack_social_post_already_shared":false,"jetpack_social_options":{"image_generator_settings":{"template":"highway","default_image_id":0,"font":"","enabled":false},"version":2}},"categories":[10],"tags":[],"class_list":["post-8680","post","type-post","status-publish","format-standard","has-post-thumbnail","hentry","category-nachwuchs"],"jetpack_publicize_connections":[],"jetpack_featured_media_url":"https:\/\/i0.wp.com\/www.svzweckel.de\/wp-content\/uploads\/2017\/06\/2017-06-20-19.19.41.jpg?fit=1024%2C768&ssl=1","jetpack_sharing_enabled":true,"_links":{"self":[{"href":"https:\/\/www.svzweckel.de\/index.php?rest_route=\/wp\/v2\/posts\/8680","targetHints":{"allow":["GET"]}}],"collection":[{"href":"https:\/\/www.svzweckel.de\/index.php?rest_route=\/wp\/v2\/posts"}],"about":[{"href":"https:\/\/www.svzweckel.de\/index.php?rest_route=\/wp\/v2\/types\/post"}],"author":[{"embeddable":true,"href":"https:\/\/www.svzweckel.de\/index.php?rest_route=\/wp\/v2\/users\/3"}],"replies":[{"embeddable":true,"href":"https:\/\/www.svzweckel.de\/index.php?rest_route=%2Fwp%2Fv2%2Fcomments&post=8680"}],"version-history":[{"count":0,"href":"https:\/\/www.svzweckel.de\/index.php?rest_route=\/wp\/v2\/posts\/8680\/revisions"}],"wp:featuredmedia":[{"embeddable":true,"href":"https:\/\/www.svzweckel.de\/index.php?rest_route=\/wp\/v2\/media\/8691"}],"wp:attachment":[{"href":"https:\/\/www.svzweckel.de\/index.php?rest_route=%2Fwp%2Fv2%2Fmedia&parent=8680"}],"wp:term":[{"taxonomy":"category","embeddable":true,"href":"https:\/\/www.svzweckel.de\/index.php?rest_route=%2Fwp%2Fv2%2Fcategories&post=8680"},{"taxonomy":"post_tag","embeddable":true,"href":"https:\/\/www.svzweckel.de\/index.php?rest_route=%2Fwp%2Fv2%2Ftags&post=8680"}],"curies":[{"name":"wp","href":"https:\/\/api.w.org\/{rel}","templated":true}]}}