{"id":8760,"date":"2017-06-29T12:19:33","date_gmt":"2017-06-29T10:19:33","guid":{"rendered":"http:\/\/www.svzweckel.de\/?p=8760"},"modified":"2017-06-29T21:00:20","modified_gmt":"2017-06-29T19:00:20","slug":"sichtungstraining-fuer-die-d-jugend-bezirksligamannschaft-des-sv-zweckel","status":"publish","type":"post","link":"https:\/\/www.svzweckel.de\/?p=8760","title":{"rendered":"Sichtungstraining f\u00fcr die D-Jugend Bezirksligamannschaft des SV Zweckel"},"content":{"rendered":"<p>Die Nachwuchsabteilung des SV Zweckel 23 e.V. aus Gladbeck f\u00fchrt zur Erweiterung der spielstarken 2005er Mannschaft ein Sichtungstraining f\u00fcr die Bezirksligamannschaft durch.<\/p>\n<p>Es werden Spieler des Jahrganges 2005 gesucht, die in der n\u00e4chsten Saison in der Bezirksliga spielen m\u00f6chten.<\/p>\n<p>Habt ihr Lust in der n\u00e4chsten Saison in der h\u00f6chsten D-Jugendliga zu spielen, dann meldet euch an und nehmt am Sichtungstraining teil und werdet Teil der Zweckeler-Nachwuchsabteilung.<\/p>\n<p>Wir bieten ein abgestimmtes, abwechslungsreiches Trainingsprogramm mit lizenzierten Trainern an. Das Training und der Spielbetrieb finden auf dem Naturrasen in der Vitus-Arena beim SV Zweckel statt.<\/p>\n<p>Es ist dringend erforderlich sich telefonisch oder per Whats App anzumelden.<\/p>\n<p><strong>Maik Koschewitz 0178 \/ 40 75 182<\/strong><\/p>\n<p><strong>\u00a0<\/strong>Das Sichtungstraining findet an den folgenden Terminen statt:<\/p>\n<p>am Dienstag den 04.07.2017 von 17:00 bis 18:00 Uhr und<\/p>\n<p>am Donnerstag den 06.07.2017 von 17:00 bis 18:00 Uhr<\/p>\n<p>&nbsp;<\/p>\n<p><strong>Wichtig: <\/strong><\/p>\n<p>Zur Teilnahme am Probetraining wird eine Trainingsbescheinigung des aktuellen Vereins ben\u00f6tigt.<\/p>\n","protected":false},"excerpt":{"rendered":"<p>Die Nachwuchsabteilung des SV Zweckel 23 e.V. aus Gladbeck f\u00fchrt zur Erweiterung der spielstarken 2005er Mannschaft ein Sichtungstraining f\u00fcr die Bezirksligamannschaft durch. Es werden Spieler des Jahrganges 2005 gesucht, die in der n\u00e4chsten Saison in der Bezirksliga spielen m\u00f6chten. Habt ihr Lust in der n\u00e4chsten Saison in der h\u00f6chsten D-Jugendliga zu spielen, dann meldet euch [&hellip;]<\/p>\n","protected":false},"author":3,"featured_media":8454,"comment_status":"open","ping_status":"open","sticky":false,"template":"","format":"standard","meta":{"_jetpack_memberships_contains_paid_content":false,"footnotes":"","jetpack_publicize_message":"","jetpack_publicize_feature_enabled":true,"jetpack_social_post_already_shared":false,"jetpack_social_options":{"image_generator_settings":{"template":"highway","default_image_id":0,"font":"","enabled":false},"version":2}},"categories":[29],"tags":[],"class_list":["post-8760","post","type-post","status-publish","format-standard","has-post-thumbnail","hentry","category-d-junioren"],"jetpack_publicize_connections":[],"jetpack_featured_media_url":"https:\/\/i0.wp.com\/www.svzweckel.de\/wp-content\/uploads\/2014\/08\/IMG_2249.jpg?fit=1024%2C768&ssl=1","jetpack_sharing_enabled":true,"_links":{"self":[{"href":"https:\/\/www.svzweckel.de\/index.php?rest_route=\/wp\/v2\/posts\/8760","targetHints":{"allow":["GET"]}}],"collection":[{"href":"https:\/\/www.svzweckel.de\/index.php?rest_route=\/wp\/v2\/posts"}],"about":[{"href":"https:\/\/www.svzweckel.de\/index.php?rest_route=\/wp\/v2\/types\/post"}],"author":[{"embeddable":true,"href":"https:\/\/www.svzweckel.de\/index.php?rest_route=\/wp\/v2\/users\/3"}],"replies":[{"embeddable":true,"href":"https:\/\/www.svzweckel.de\/index.php?rest_route=%2Fwp%2Fv2%2Fcomments&post=8760"}],"version-history":[{"count":0,"href":"https:\/\/www.svzweckel.de\/index.php?rest_route=\/wp\/v2\/posts\/8760\/revisions"}],"wp:featuredmedia":[{"embeddable":true,"href":"https:\/\/www.svzweckel.de\/index.php?rest_route=\/wp\/v2\/media\/8454"}],"wp:attachment":[{"href":"https:\/\/www.svzweckel.de\/index.php?rest_route=%2Fwp%2Fv2%2Fmedia&parent=8760"}],"wp:term":[{"taxonomy":"category","embeddable":true,"href":"https:\/\/www.svzweckel.de\/index.php?rest_route=%2Fwp%2Fv2%2Fcategories&post=8760"},{"taxonomy":"post_tag","embeddable":true,"href":"https:\/\/www.svzweckel.de\/index.php?rest_route=%2Fwp%2Fv2%2Ftags&post=8760"}],"curies":[{"name":"wp","href":"https:\/\/api.w.org\/{rel}","templated":true}]}}