{"id":8977,"date":"2017-08-12T14:27:37","date_gmt":"2017-08-12T12:27:37","guid":{"rendered":"http:\/\/www.svzweckel.de\/?p=8977"},"modified":"2017-08-12T14:41:57","modified_gmt":"2017-08-12T12:41:57","slug":"die-zweite-wundertuete","status":"publish","type":"post","link":"https:\/\/www.svzweckel.de\/?p=8977","title":{"rendered":"Die &#8222;zweite&#8220; Wundert\u00fcte"},"content":{"rendered":"<p>Sonntag, 13. August 2017, 15:00 Uhr: SV Zweckel II &#8211; Horst 59<\/p>\n<p>Die Vorbereitung war turbulent und hat eigentlich gar nicht stattgefunden. Die Reserve, die in dieser Saison neu aufgebaut werden sollte, brach schon in den ersten Trainingseinheiten auseinander. Der neu verpflichtete Trainer Tobias Meier nahm am letzten Wochenende seinen Hut und einige Spieler wieder mit, so dass die neue Mannschaft sich jetzt erst finden muss.<\/p>\n<p>Mario Schluck wird bis auf Weiteres die Verantwortung an der Linie \u00fcbernehmen und die Mannschaft mit einigen erfahrenen Spielern der Dritten verst\u00e4rken.<\/p>\n<p>Inwiewiet diese Situation dazu f\u00fchrt, dass beide Mannschaften personell nicht besonders gut aufgestellt sind und sich dadurch hier und da Engp\u00e4see ergeben, muss abgewartet werden. M\u00f6glicherweise kann die neu gegr\u00fcndete Dritte auch durch den einen oder anderen Alte-Herren-Spieler verst\u00e4rkt werden.<\/p>\n<p>Die Aufstellung gegen Horst\u00a0 wird ebenso eine \u00dcberraschung wie das Ergebnis werden.<\/p>\n","protected":false},"excerpt":{"rendered":"<p>Sonntag, 13. August 2017, 15:00 Uhr: SV Zweckel II &#8211; Horst 59 Die Vorbereitung war turbulent und hat eigentlich gar nicht stattgefunden. Die Reserve, die in dieser Saison neu aufgebaut werden sollte, brach schon in den ersten Trainingseinheiten auseinander. Der neu verpflichtete Trainer Tobias Meier nahm am letzten Wochenende seinen Hut und einige Spieler wieder [&hellip;]<\/p>\n","protected":false},"author":3,"featured_media":8635,"comment_status":"open","ping_status":"open","sticky":false,"template":"","format":"standard","meta":{"_jetpack_memberships_contains_paid_content":false,"footnotes":"","jetpack_publicize_message":"","jetpack_publicize_feature_enabled":true,"jetpack_social_post_already_shared":false,"jetpack_social_options":{"image_generator_settings":{"template":"highway","default_image_id":0,"font":"","enabled":false},"version":2}},"categories":[20],"tags":[],"class_list":["post-8977","post","type-post","status-publish","format-standard","has-post-thumbnail","hentry","category-2-mannschaft"],"jetpack_publicize_connections":[],"jetpack_featured_media_url":"https:\/\/i0.wp.com\/www.svzweckel.de\/wp-content\/uploads\/2017\/06\/P6169412.jpg?fit=1024%2C768&ssl=1","jetpack_sharing_enabled":true,"_links":{"self":[{"href":"https:\/\/www.svzweckel.de\/index.php?rest_route=\/wp\/v2\/posts\/8977","targetHints":{"allow":["GET"]}}],"collection":[{"href":"https:\/\/www.svzweckel.de\/index.php?rest_route=\/wp\/v2\/posts"}],"about":[{"href":"https:\/\/www.svzweckel.de\/index.php?rest_route=\/wp\/v2\/types\/post"}],"author":[{"embeddable":true,"href":"https:\/\/www.svzweckel.de\/index.php?rest_route=\/wp\/v2\/users\/3"}],"replies":[{"embeddable":true,"href":"https:\/\/www.svzweckel.de\/index.php?rest_route=%2Fwp%2Fv2%2Fcomments&post=8977"}],"version-history":[{"count":0,"href":"https:\/\/www.svzweckel.de\/index.php?rest_route=\/wp\/v2\/posts\/8977\/revisions"}],"wp:featuredmedia":[{"embeddable":true,"href":"https:\/\/www.svzweckel.de\/index.php?rest_route=\/wp\/v2\/media\/8635"}],"wp:attachment":[{"href":"https:\/\/www.svzweckel.de\/index.php?rest_route=%2Fwp%2Fv2%2Fmedia&parent=8977"}],"wp:term":[{"taxonomy":"category","embeddable":true,"href":"https:\/\/www.svzweckel.de\/index.php?rest_route=%2Fwp%2Fv2%2Fcategories&post=8977"},{"taxonomy":"post_tag","embeddable":true,"href":"https:\/\/www.svzweckel.de\/index.php?rest_route=%2Fwp%2Fv2%2Ftags&post=8977"}],"curies":[{"name":"wp","href":"https:\/\/api.w.org\/{rel}","templated":true}]}}