{"id":9014,"date":"2017-09-01T23:45:26","date_gmt":"2017-09-01T21:45:26","guid":{"rendered":"http:\/\/www.svzweckel.de\/?p=9014"},"modified":"2017-09-01T23:45:26","modified_gmt":"2017-09-01T21:45:26","slug":"erstes-heimspiel-der-reserve","status":"publish","type":"post","link":"https:\/\/www.svzweckel.de\/?p=9014","title":{"rendered":"Erstes Heimspiel der Reserve"},"content":{"rendered":"<p>Sonntag, 03.09.17, 15:00 Uhr: SV Zweckel II &#8211; Firtinaspor Gelsenkirchen II<\/p>\n<p>Am letzten Sonntag trat die Reserve des SV Zweckel erstmalig im Meisterschaftsspiel an und gewann durch ein Tor von Tim Dreiskemper mit 0:1 beim SC Schaffrath.<\/p>\n<p>Am Sonntag ist mit Firtinaspor Gelsenkirchen der Tabellenachte zu Gast. Mit 2 Unentschieden und einem Sieg sind die G\u00e4ste noch ungeschlagen. Am letzten Sonntag erk\u00e4mpften sich Firtinaspor nach 0:2-R\u00fcckstand noch eine 2:2 gegen die starke Reserve von SSV Buer II.<\/p>\n<p>Die Zweckeler Reserve muss sich noch finden und die mangelhafte Sasionvorbereitung noch ausgleichen und ist hierbei auf Unterst\u00fctzung der Alten Herren und der Ersten angewiesen. Am Sonntag wird die Unterst\u00fctzung aus der Ersten eher marginal ausfallen, da die Landesligamannschaft einige Ausf\u00e4lle kompensieren muss<\/p>\n","protected":false},"excerpt":{"rendered":"<p>Sonntag, 03.09.17, 15:00 Uhr: SV Zweckel II &#8211; Firtinaspor Gelsenkirchen II Am letzten Sonntag trat die Reserve des SV Zweckel erstmalig im Meisterschaftsspiel an und gewann durch ein Tor von Tim Dreiskemper mit 0:1 beim SC Schaffrath. Am Sonntag ist mit Firtinaspor Gelsenkirchen der Tabellenachte zu Gast. Mit 2 Unentschieden und einem Sieg sind die [&hellip;]<\/p>\n","protected":false},"author":3,"featured_media":8635,"comment_status":"open","ping_status":"open","sticky":false,"template":"","format":"standard","meta":{"_jetpack_memberships_contains_paid_content":false,"footnotes":"","jetpack_publicize_message":"","jetpack_publicize_feature_enabled":true,"jetpack_social_post_already_shared":false,"jetpack_social_options":{"image_generator_settings":{"template":"highway","default_image_id":0,"font":"","enabled":false},"version":2}},"categories":[20],"tags":[],"class_list":["post-9014","post","type-post","status-publish","format-standard","has-post-thumbnail","hentry","category-2-mannschaft"],"jetpack_publicize_connections":[],"jetpack_featured_media_url":"https:\/\/i0.wp.com\/www.svzweckel.de\/wp-content\/uploads\/2017\/06\/P6169412.jpg?fit=1024%2C768&ssl=1","jetpack_sharing_enabled":true,"_links":{"self":[{"href":"https:\/\/www.svzweckel.de\/index.php?rest_route=\/wp\/v2\/posts\/9014","targetHints":{"allow":["GET"]}}],"collection":[{"href":"https:\/\/www.svzweckel.de\/index.php?rest_route=\/wp\/v2\/posts"}],"about":[{"href":"https:\/\/www.svzweckel.de\/index.php?rest_route=\/wp\/v2\/types\/post"}],"author":[{"embeddable":true,"href":"https:\/\/www.svzweckel.de\/index.php?rest_route=\/wp\/v2\/users\/3"}],"replies":[{"embeddable":true,"href":"https:\/\/www.svzweckel.de\/index.php?rest_route=%2Fwp%2Fv2%2Fcomments&post=9014"}],"version-history":[{"count":0,"href":"https:\/\/www.svzweckel.de\/index.php?rest_route=\/wp\/v2\/posts\/9014\/revisions"}],"wp:featuredmedia":[{"embeddable":true,"href":"https:\/\/www.svzweckel.de\/index.php?rest_route=\/wp\/v2\/media\/8635"}],"wp:attachment":[{"href":"https:\/\/www.svzweckel.de\/index.php?rest_route=%2Fwp%2Fv2%2Fmedia&parent=9014"}],"wp:term":[{"taxonomy":"category","embeddable":true,"href":"https:\/\/www.svzweckel.de\/index.php?rest_route=%2Fwp%2Fv2%2Fcategories&post=9014"},{"taxonomy":"post_tag","embeddable":true,"href":"https:\/\/www.svzweckel.de\/index.php?rest_route=%2Fwp%2Fv2%2Ftags&post=9014"}],"curies":[{"name":"wp","href":"https:\/\/api.w.org\/{rel}","templated":true}]}}