{"id":9213,"date":"2017-10-15T21:11:25","date_gmt":"2017-10-15T19:11:25","guid":{"rendered":"http:\/\/www.svzweckel.de\/?p=9213"},"modified":"2017-10-15T21:11:25","modified_gmt":"2017-10-15T19:11:25","slug":"die-zweite-gewinnt-gegen-rentfort","status":"publish","type":"post","link":"https:\/\/www.svzweckel.de\/?p=9213","title":{"rendered":"Die Zweite gewinnt gegen Rentfort"},"content":{"rendered":"<p>SV Zweckel II &#8211; BV Rentfort II 3:1<\/p>\n<p>Mit diesem Sieg hat die Reserve des SV Zweckel den letzten Tabellenplatz verlassen und hat mit 6 Punkten zu Grafenwald und Horst 59 aufgeschlossen.<\/p>\n<p>Dario Schierenberg h\u00fctete f\u00fcr Sascha Steinke das Tor, der auf der rechten Verteidigerseite eine gute Partie machte. Rejhan Dana konnte nach einer wochenlangen Verletzung auch wieder auflaufen und half der Zweiten genauso weiter wie zwei Alte Herren, so dass\u00a0 die Schwarz-Gr\u00fcnen endlich mal wieder mit 10 Feldspielern und einem Torwart zu Ende spielen konnte.<\/p>\n<p>Nach sieben Minuten traf Kevin Klein mit einem Freisto\u00df aus 20 Metern und erh\u00f6hte nur vier Minuten sp\u00e4ter nach einer Vorarbeit von Enes Yiyit auf 2:0. Vom BV Rentfort war in der erstn Halbzeit nicht viel zu sehen. Die G\u00e4ste agierten umst\u00e4ndlich und ohne Druck auf das Zweckeler Tor.<\/p>\n<p>Nach dem Seitenwechsel erh\u00f6hten die G\u00e4ste etwas den Druck, kamen aber nur selten gef\u00e4hrlich vor das Tor. Der Zweckeler Torh\u00fcter hatte insgesamt einen ruhigen Tag und musste nur zweimal gut parieren, um seinen Kasten sauber zu halten.<\/p>\n<p>In der 85. Minute verk\u00fcrzten die G\u00e4ste aus abseitsverd\u00e4chtiger Position auf 1:2, doch die Zweckeler machten nach einem Konter das entscheidende 3:1. Nihat Uludag sah den mitgelaufenen Rejhan Dana, der die Flanke direkt abnahm und hervorragend zum Endstand verwandelte.<\/p>\n<p>Das war ein n\u00e4chster Schritt in Richtung Tabellenmittelfeld.<\/p>\n","protected":false},"excerpt":{"rendered":"<p>SV Zweckel II &#8211; BV Rentfort II 3:1 Mit diesem Sieg hat die Reserve des SV Zweckel den letzten Tabellenplatz verlassen und hat mit 6 Punkten zu Grafenwald und Horst 59 aufgeschlossen. Dario Schierenberg h\u00fctete f\u00fcr Sascha Steinke das Tor, der auf der rechten Verteidigerseite eine gute Partie machte. Rejhan Dana konnte nach einer wochenlangen [&hellip;]<\/p>\n","protected":false},"author":3,"featured_media":9216,"comment_status":"open","ping_status":"open","sticky":false,"template":"","format":"standard","meta":{"_jetpack_memberships_contains_paid_content":false,"footnotes":"","jetpack_publicize_message":"","jetpack_publicize_feature_enabled":true,"jetpack_social_post_already_shared":false,"jetpack_social_options":{"image_generator_settings":{"template":"highway","default_image_id":0,"font":"","enabled":false},"version":2}},"categories":[20],"tags":[],"class_list":["post-9213","post","type-post","status-publish","format-standard","has-post-thumbnail","hentry","category-2-mannschaft"],"jetpack_publicize_connections":[],"jetpack_featured_media_url":"https:\/\/i0.wp.com\/www.svzweckel.de\/wp-content\/uploads\/2017\/10\/20171015_154550.jpg?fit=800%2C450&ssl=1","jetpack_sharing_enabled":true,"_links":{"self":[{"href":"https:\/\/www.svzweckel.de\/index.php?rest_route=\/wp\/v2\/posts\/9213","targetHints":{"allow":["GET"]}}],"collection":[{"href":"https:\/\/www.svzweckel.de\/index.php?rest_route=\/wp\/v2\/posts"}],"about":[{"href":"https:\/\/www.svzweckel.de\/index.php?rest_route=\/wp\/v2\/types\/post"}],"author":[{"embeddable":true,"href":"https:\/\/www.svzweckel.de\/index.php?rest_route=\/wp\/v2\/users\/3"}],"replies":[{"embeddable":true,"href":"https:\/\/www.svzweckel.de\/index.php?rest_route=%2Fwp%2Fv2%2Fcomments&post=9213"}],"version-history":[{"count":0,"href":"https:\/\/www.svzweckel.de\/index.php?rest_route=\/wp\/v2\/posts\/9213\/revisions"}],"wp:featuredmedia":[{"embeddable":true,"href":"https:\/\/www.svzweckel.de\/index.php?rest_route=\/wp\/v2\/media\/9216"}],"wp:attachment":[{"href":"https:\/\/www.svzweckel.de\/index.php?rest_route=%2Fwp%2Fv2%2Fmedia&parent=9213"}],"wp:term":[{"taxonomy":"category","embeddable":true,"href":"https:\/\/www.svzweckel.de\/index.php?rest_route=%2Fwp%2Fv2%2Fcategories&post=9213"},{"taxonomy":"post_tag","embeddable":true,"href":"https:\/\/www.svzweckel.de\/index.php?rest_route=%2Fwp%2Fv2%2Ftags&post=9213"}],"curies":[{"name":"wp","href":"https:\/\/api.w.org\/{rel}","templated":true}]}}