{"id":9251,"date":"2017-10-22T21:40:08","date_gmt":"2017-10-22T19:40:08","guid":{"rendered":"http:\/\/www.svzweckel.de\/?p=9251"},"modified":"2017-10-22T21:40:08","modified_gmt":"2017-10-22T19:40:08","slug":"die-reserve-ist-erster-absteiger-der-kreisliga-a","status":"publish","type":"post","link":"https:\/\/www.svzweckel.de\/?p=9251","title":{"rendered":"Die Reserve ist erster Absteiger der Kreisliga A"},"content":{"rendered":"<p>Die zweite Mannschaft hat am heutigen Sonntag zum dritten Mal in der laufenden Saison keine spielf\u00e4hige Mannschaft zusammen bekommen und wird deshalb in die Kreisliga B absteigen m\u00fcssen.<\/p>\n<p>Einschl\u00e4gig ist hier der \u00a7 52 der Spielordnung des WDFV:<\/p>\n<p><em>Mannschaften, die dreimal ohne zwingende Gr\u00fcnde zu den ordnungsgem\u00e4\u00df angesetzten Punktespielen nicht antreten, sind zu streichen, sie gelten als Absteiger in ihrer Gruppe. Sie k\u00f6nnen in der neuen Spielzeit nur in der n\u00e4chsttieferen Spielklasse am Spielbetrieb teilnehmen.<br \/>\n<\/em><\/p>\n<p>Die bisher ausgetragenen Punktspiele werden nicht gewertet.<\/p>\n<p>Der SV Zweckel muss nun die Planungen angehen, um im kommenden Jahr eine neue Mannschaft aufzubauen und einen gesunden Unterbau f\u00fcr die Erste zu bilden.<\/p>\n","protected":false},"excerpt":{"rendered":"<p>Die zweite Mannschaft hat am heutigen Sonntag zum dritten Mal in der laufenden Saison keine spielf\u00e4hige Mannschaft zusammen bekommen und wird deshalb in die Kreisliga B absteigen m\u00fcssen. Einschl\u00e4gig ist hier der \u00a7 52 der Spielordnung des WDFV: Mannschaften, die dreimal ohne zwingende Gr\u00fcnde zu den ordnungsgem\u00e4\u00df angesetzten Punktespielen nicht antreten, sind zu streichen, sie [&hellip;]<\/p>\n","protected":false},"author":3,"featured_media":9216,"comment_status":"open","ping_status":"open","sticky":false,"template":"","format":"standard","meta":{"_jetpack_memberships_contains_paid_content":false,"footnotes":"","jetpack_publicize_message":"","jetpack_publicize_feature_enabled":true,"jetpack_social_post_already_shared":false,"jetpack_social_options":{"image_generator_settings":{"template":"highway","default_image_id":0,"font":"","enabled":false},"version":2}},"categories":[20],"tags":[],"class_list":["post-9251","post","type-post","status-publish","format-standard","has-post-thumbnail","hentry","category-2-mannschaft"],"jetpack_publicize_connections":[],"jetpack_featured_media_url":"https:\/\/i0.wp.com\/www.svzweckel.de\/wp-content\/uploads\/2017\/10\/20171015_154550.jpg?fit=800%2C450&ssl=1","jetpack_sharing_enabled":true,"_links":{"self":[{"href":"https:\/\/www.svzweckel.de\/index.php?rest_route=\/wp\/v2\/posts\/9251","targetHints":{"allow":["GET"]}}],"collection":[{"href":"https:\/\/www.svzweckel.de\/index.php?rest_route=\/wp\/v2\/posts"}],"about":[{"href":"https:\/\/www.svzweckel.de\/index.php?rest_route=\/wp\/v2\/types\/post"}],"author":[{"embeddable":true,"href":"https:\/\/www.svzweckel.de\/index.php?rest_route=\/wp\/v2\/users\/3"}],"replies":[{"embeddable":true,"href":"https:\/\/www.svzweckel.de\/index.php?rest_route=%2Fwp%2Fv2%2Fcomments&post=9251"}],"version-history":[{"count":0,"href":"https:\/\/www.svzweckel.de\/index.php?rest_route=\/wp\/v2\/posts\/9251\/revisions"}],"wp:featuredmedia":[{"embeddable":true,"href":"https:\/\/www.svzweckel.de\/index.php?rest_route=\/wp\/v2\/media\/9216"}],"wp:attachment":[{"href":"https:\/\/www.svzweckel.de\/index.php?rest_route=%2Fwp%2Fv2%2Fmedia&parent=9251"}],"wp:term":[{"taxonomy":"category","embeddable":true,"href":"https:\/\/www.svzweckel.de\/index.php?rest_route=%2Fwp%2Fv2%2Fcategories&post=9251"},{"taxonomy":"post_tag","embeddable":true,"href":"https:\/\/www.svzweckel.de\/index.php?rest_route=%2Fwp%2Fv2%2Ftags&post=9251"}],"curies":[{"name":"wp","href":"https:\/\/api.w.org\/{rel}","templated":true}]}}