{"id":9922,"date":"2018-04-14T21:28:58","date_gmt":"2018-04-14T19:28:58","guid":{"rendered":"http:\/\/www.svzweckel.de\/?p=9922"},"modified":"2018-04-14T21:28:58","modified_gmt":"2018-04-14T19:28:58","slug":"c-junioren-wieder-an-der-tabellenspitze","status":"publish","type":"post","link":"https:\/\/www.svzweckel.de\/?p=9922","title":{"rendered":"C-Junioren wieder an der Tabellenspitze"},"content":{"rendered":"<p>SSV Buer II &#8211; SV Zweckel 0:3 (0:3)<\/p>\n<p>Mit einem souver\u00e4nen Sieg erorberten die Zweckeler wieder die Tabellenspitze der Kreisliga A. Die SSV Buer hatte vor dem Spiel noch Hoffnungen, in den Meisterschaftskampf einzugreifen. Mit einem Sieg gegen Zweckel und einem weiteren Erfolg im Nachholspiel in Erle h\u00e4tten die Bueraner mit dem Tabellenzweiten bzw. -dritten gleichziehen k\u00f6nnen. Mit diesem Ergebnis ist Buer vermutlich raus aus dem Meisterschaftsrennen.<\/p>\n<p>Die Partie begann gut f\u00fcr den SV Zweckel, der viel Druck aus\u00fcbte und in den ersten Minuten schon zwei Torchancen vergab. In der 4. Minute er\u00f6ffneten die Zweckeler \u00fcber die rechte Seite, wo der schnelle Patrick Fink den Ball von der Grundlinie perfekt nach innen flankte. Marcio Wanka traf den Ball perfekt mit dem Kopf und brachte die Schwarz-Gr\u00fcnen in F\u00fchrung. In den folgenden Minuten machten die Zweckeler weiter viel Druck und erspielten sich mehrere gute Chancen, konnten die F\u00fchrung jedoch noch nicht ausbauen.<\/p>\n<p>In der 14. Minute erh\u00f6hte Kevin Kanke auf 0:2 und nur vier Minuten sp\u00e4ter konnten Patrick Fink den Endstand herstellen. Die Gastgeber, die durch ihren Trainer sehr aggressiv nach vorne getrieben wurden, waren in der ersten Halbzeit nur einmal gef\u00e4hrlich vor dem Zweckeler Tor und schafften es nicht, die schnellen Angriffe der Zweckeler zu unterbinden.<\/p>\n<p>Nach der Halbzeit wurde die Partie hektischer und die Zweckeler mussten einige Provokationen der Gastgeber \u00fcber sich ergehen lassen, meisterten diese Herausforderung aber bestens und gewannen souver\u00e4n die Partie. Der Zweckeler Torh\u00fcter Max Rosch musste in der zweiten Halbzeit nur zwei B\u00e4lle halten und sorgte somit f\u00fcr einen sauberen Kasten.<\/p>\n<p>Auf der anderen Seite bewahrte der Ex-Zweckeler Jean Paul Temime im Tor der SSV Buer mit einigen guten Paraden seine Mannschaft vor einem h\u00f6heren R\u00fcckstand.<\/p>\n","protected":false},"excerpt":{"rendered":"<p>SSV Buer II &#8211; SV Zweckel 0:3 (0:3) Mit einem souver\u00e4nen Sieg erorberten die Zweckeler wieder die Tabellenspitze der Kreisliga A. Die SSV Buer hatte vor dem Spiel noch Hoffnungen, in den Meisterschaftskampf einzugreifen. Mit einem Sieg gegen Zweckel und einem weiteren Erfolg im Nachholspiel in Erle h\u00e4tten die Bueraner mit dem Tabellenzweiten bzw. -dritten [&hellip;]<\/p>\n","protected":false},"author":3,"featured_media":9921,"comment_status":"open","ping_status":"open","sticky":false,"template":"","format":"standard","meta":{"_jetpack_memberships_contains_paid_content":false,"footnotes":"","jetpack_publicize_message":"","jetpack_publicize_feature_enabled":true,"jetpack_social_post_already_shared":false,"jetpack_social_options":{"image_generator_settings":{"template":"highway","default_image_id":0,"font":"","enabled":false},"version":2}},"categories":[28],"tags":[],"class_list":["post-9922","post","type-post","status-publish","format-standard","has-post-thumbnail","hentry","category-c-junioren"],"jetpack_publicize_connections":[],"jetpack_featured_media_url":"https:\/\/i0.wp.com\/www.svzweckel.de\/wp-content\/uploads\/2018\/04\/20180414_1553421810293895.jpg?fit=999%2C562&ssl=1","jetpack_sharing_enabled":true,"_links":{"self":[{"href":"https:\/\/www.svzweckel.de\/index.php?rest_route=\/wp\/v2\/posts\/9922","targetHints":{"allow":["GET"]}}],"collection":[{"href":"https:\/\/www.svzweckel.de\/index.php?rest_route=\/wp\/v2\/posts"}],"about":[{"href":"https:\/\/www.svzweckel.de\/index.php?rest_route=\/wp\/v2\/types\/post"}],"author":[{"embeddable":true,"href":"https:\/\/www.svzweckel.de\/index.php?rest_route=\/wp\/v2\/users\/3"}],"replies":[{"embeddable":true,"href":"https:\/\/www.svzweckel.de\/index.php?rest_route=%2Fwp%2Fv2%2Fcomments&post=9922"}],"version-history":[{"count":0,"href":"https:\/\/www.svzweckel.de\/index.php?rest_route=\/wp\/v2\/posts\/9922\/revisions"}],"wp:featuredmedia":[{"embeddable":true,"href":"https:\/\/www.svzweckel.de\/index.php?rest_route=\/wp\/v2\/media\/9921"}],"wp:attachment":[{"href":"https:\/\/www.svzweckel.de\/index.php?rest_route=%2Fwp%2Fv2%2Fmedia&parent=9922"}],"wp:term":[{"taxonomy":"category","embeddable":true,"href":"https:\/\/www.svzweckel.de\/index.php?rest_route=%2Fwp%2Fv2%2Fcategories&post=9922"},{"taxonomy":"post_tag","embeddable":true,"href":"https:\/\/www.svzweckel.de\/index.php?rest_route=%2Fwp%2Fv2%2Ftags&post=9922"}],"curies":[{"name":"wp","href":"https:\/\/api.w.org\/{rel}","templated":true}]}}